{"id":447,"date":"2021-10-29T23:11:19","date_gmt":"2021-10-29T23:11:19","guid":{"rendered":"https:\/\/fmdelpueblo.ar\/?p=447"},"modified":"2021-10-29T23:11:19","modified_gmt":"2021-10-29T23:11:19","slug":"cual-es-el-plan-de-mauricio-macri","status":"publish","type":"post","link":"http:\/\/fmdelpueblo.ar\/?p=447","title":{"rendered":"Cu\u00e1l es el plan de Mauricio Macri"},"content":{"rendered":"<\/p>\n<p>El PRO, b\u00e1sicamente, es el partido de las propuestas, esperanzas y sue\u00f1os que nunca se realizan. Es como el Jard\u00edn del Ed\u00e9n, el para\u00edso prometido para los fieles. El que nunca llegaremos a ver. S\u00f3lo aquellos que mueren y, por lo menos hasta ahora, no podr\u00e1n volver para confirm\u00e1rnoslo. <a href=\"https:\/\/www.perfil.com\/noticias\/opinion\/agustin-garetto-cual-es-el-plan-de-mauricio-macri.phtml\">Leer m\u00e1s<\/a><\/p>\n","protected":false},"excerpt":{"rendered":"<p>El PRO, b\u00e1sicamente, es el partido de las propuestas, esperanzas y sue\u00f1os que nunca se realizan. Es como el Jard\u00edn del Ed\u00e9n, el para\u00edso prometido para los fieles. El que nunca llegaremos a ver. S\u00f3lo aquellos que mueren y, por lo menos hasta ahora, no podr\u00e1n volver para confirm\u00e1rnoslo. Leer m\u00e1s<\/p>\n","protected":false},"author":0,"featured_media":0,"comment_status":"","ping_status":"","sticky":false,"template":"","format":"standard","meta":{"footnotes":""},"categories":[1],"tags":[],"class_list":["post-447","post","type-post","status-publish","format-standard","hentry","category-sin-categoria"],"_links":{"self":[{"href":"http:\/\/fmdelpueblo.ar\/index.php?rest_route=\/wp\/v2\/posts\/447","targetHints":{"allow":["GET"]}}],"collection":[{"href":"http:\/\/fmdelpueblo.ar\/index.php?rest_route=\/wp\/v2\/posts"}],"about":[{"href":"http:\/\/fmdelpueblo.ar\/index.php?rest_route=\/wp\/v2\/types\/post"}],"replies":[{"embeddable":true,"href":"http:\/\/fmdelpueblo.ar\/index.php?rest_route=%2Fwp%2Fv2%2Fcomments&post=447"}],"version-history":[{"count":0,"href":"http:\/\/fmdelpueblo.ar\/index.php?rest_route=\/wp\/v2\/posts\/447\/revisions"}],"wp:attachment":[{"href":"http:\/\/fmdelpueblo.ar\/index.php?rest_route=%2Fwp%2Fv2%2Fmedia&parent=447"}],"wp:term":[{"taxonomy":"category","embeddable":true,"href":"http:\/\/fmdelpueblo.ar\/index.php?rest_route=%2Fwp%2Fv2%2Fcategories&post=447"},{"taxonomy":"post_tag","embeddable":true,"href":"http:\/\/fmdelpueblo.ar\/index.php?rest_route=%2Fwp%2Fv2%2Ftags&post=447"}],"curies":[{"name":"wp","href":"https:\/\/api.w.org\/{rel}","templated":true}]}}