{"id":445,"date":"2021-10-29T23:11:19","date_gmt":"2021-10-29T23:11:19","guid":{"rendered":"https:\/\/fmdelpueblo.ar\/?p=445"},"modified":"2021-10-29T23:11:19","modified_gmt":"2021-10-29T23:11:19","slug":"cuando-hombres-se-toman-la-licencia-parental-la-economia-se-beneficia","status":"publish","type":"post","link":"http:\/\/fmdelpueblo.ar\/?p=445","title":{"rendered":"Cuando hombres se toman la licencia parental, la econom\u00eda se beneficia"},"content":{"rendered":"<\/p>\n<p>El secretario de Transporte, Pete Buttigieg, se tom\u00f3 la licencia por paternidad y, mientras \u00e9l participaba de la crianza, los cr\u00edticos se burlaron de la situaci\u00f3n. <a href=\"https:\/\/www.perfil.com\/noticias\/bloomberg\/bc-cuando-hombres-toman-licencia-parental-la-economia-se-beneficia.phtml\">Leer m\u00e1s<\/a><\/p>\n","protected":false},"excerpt":{"rendered":"<p>El secretario de Transporte, Pete Buttigieg, se tom\u00f3 la licencia por paternidad y, mientras \u00e9l participaba de la crianza, los cr\u00edticos se burlaron de la situaci\u00f3n. Leer m\u00e1s<\/p>\n","protected":false},"author":0,"featured_media":0,"comment_status":"","ping_status":"","sticky":false,"template":"","format":"standard","meta":{"footnotes":""},"categories":[1],"tags":[],"class_list":["post-445","post","type-post","status-publish","format-standard","hentry","category-sin-categoria"],"_links":{"self":[{"href":"http:\/\/fmdelpueblo.ar\/index.php?rest_route=\/wp\/v2\/posts\/445","targetHints":{"allow":["GET"]}}],"collection":[{"href":"http:\/\/fmdelpueblo.ar\/index.php?rest_route=\/wp\/v2\/posts"}],"about":[{"href":"http:\/\/fmdelpueblo.ar\/index.php?rest_route=\/wp\/v2\/types\/post"}],"replies":[{"embeddable":true,"href":"http:\/\/fmdelpueblo.ar\/index.php?rest_route=%2Fwp%2Fv2%2Fcomments&post=445"}],"version-history":[{"count":0,"href":"http:\/\/fmdelpueblo.ar\/index.php?rest_route=\/wp\/v2\/posts\/445\/revisions"}],"wp:attachment":[{"href":"http:\/\/fmdelpueblo.ar\/index.php?rest_route=%2Fwp%2Fv2%2Fmedia&parent=445"}],"wp:term":[{"taxonomy":"category","embeddable":true,"href":"http:\/\/fmdelpueblo.ar\/index.php?rest_route=%2Fwp%2Fv2%2Fcategories&post=445"},{"taxonomy":"post_tag","embeddable":true,"href":"http:\/\/fmdelpueblo.ar\/index.php?rest_route=%2Fwp%2Fv2%2Ftags&post=445"}],"curies":[{"name":"wp","href":"https:\/\/api.w.org\/{rel}","templated":true}]}}