{"id":444,"date":"2021-10-29T23:11:19","date_gmt":"2021-10-29T23:11:19","guid":{"rendered":"https:\/\/fmdelpueblo.ar\/?p=444"},"modified":"2021-10-29T23:11:19","modified_gmt":"2021-10-29T23:11:19","slug":"g20-martin-guzman-ceno-con-georgieva-la-reina-maxima-y-el-vicecanciller-aleman-olaf-scholz","status":"publish","type":"post","link":"http:\/\/fmdelpueblo.ar\/?p=444","title":{"rendered":"G20: Mart\u00edn Guzm\u00e1n cen\u00f3 con Georgieva, la reina M\u00e1xima y el vicecanciller alem\u00e1n Olaf Scholz"},"content":{"rendered":"<\/p>\n<p>En la velada de gala que se llev\u00f3 a cabo en el castillo Sant&#8217;Angelo, el ministro argentino comparti\u00f3 la mesa tambi\u00e9n con su colega italiano Daniele Franco, con la titular de la OMC Ngozi Okonjo-Iweala, el comisionado de la UE Paolo Gentiloni y la ministra de Econom\u00eda de Indonesia Sri Mulyani Indrawati. <a href=\"https:\/\/www.perfil.com\/noticias\/actualidad\/g20-martin-guzman-ceno-con-georgieva-la-reina-maxima-y-el-vicecanciller-aleman-olaf-scholz.phtml\">Leer m\u00e1s<\/a><\/p>\n","protected":false},"excerpt":{"rendered":"<p>En la velada de gala que se llev\u00f3 a cabo en el castillo Sant&#8217;Angelo, el ministro argentino comparti\u00f3 la mesa tambi\u00e9n con su colega italiano Daniele Franco, con la titular de la OMC Ngozi Okonjo-Iweala, el comisionado de la UE Paolo Gentiloni y la ministra de Econom\u00eda de Indonesia Sri Mulyani Indrawati. Leer m\u00e1s<\/p>\n","protected":false},"author":0,"featured_media":0,"comment_status":"","ping_status":"","sticky":false,"template":"","format":"standard","meta":{"footnotes":""},"categories":[1],"tags":[],"class_list":["post-444","post","type-post","status-publish","format-standard","hentry","category-sin-categoria"],"_links":{"self":[{"href":"http:\/\/fmdelpueblo.ar\/index.php?rest_route=\/wp\/v2\/posts\/444","targetHints":{"allow":["GET"]}}],"collection":[{"href":"http:\/\/fmdelpueblo.ar\/index.php?rest_route=\/wp\/v2\/posts"}],"about":[{"href":"http:\/\/fmdelpueblo.ar\/index.php?rest_route=\/wp\/v2\/types\/post"}],"replies":[{"embeddable":true,"href":"http:\/\/fmdelpueblo.ar\/index.php?rest_route=%2Fwp%2Fv2%2Fcomments&post=444"}],"version-history":[{"count":0,"href":"http:\/\/fmdelpueblo.ar\/index.php?rest_route=\/wp\/v2\/posts\/444\/revisions"}],"wp:attachment":[{"href":"http:\/\/fmdelpueblo.ar\/index.php?rest_route=%2Fwp%2Fv2%2Fmedia&parent=444"}],"wp:term":[{"taxonomy":"category","embeddable":true,"href":"http:\/\/fmdelpueblo.ar\/index.php?rest_route=%2Fwp%2Fv2%2Fcategories&post=444"},{"taxonomy":"post_tag","embeddable":true,"href":"http:\/\/fmdelpueblo.ar\/index.php?rest_route=%2Fwp%2Fv2%2Ftags&post=444"}],"curies":[{"name":"wp","href":"https:\/\/api.w.org\/{rel}","templated":true}]}}