{"id":443,"date":"2021-10-29T23:11:19","date_gmt":"2021-10-29T23:11:19","guid":{"rendered":"https:\/\/fmdelpueblo.ar\/?p=443"},"modified":"2021-10-29T23:11:19","modified_gmt":"2021-10-29T23:11:19","slug":"fernan-quiros-sobre-los-acv-es-primordial-tratar-la-enfermedad-con-rapidez","status":"publish","type":"post","link":"http:\/\/fmdelpueblo.ar\/?p=443","title":{"rendered":"Fern\u00e1n Quir\u00f3s sobre los ACV: \u00abEs primordial tratar la enfermedad con rapidez\u00bb"},"content":{"rendered":"<\/p>\n<p>El ministro de Salud porte\u00f1o habl\u00f3 sobre como prevenir esta enfermedad y sus principales s\u00edntomas. <a href=\"https:\/\/www.perfil.com\/noticias\/reperfilar\/fernan-quiros-en-reperfilar.phtml\">Leer m\u00e1s<\/a><\/p>\n","protected":false},"excerpt":{"rendered":"<p>El ministro de Salud porte\u00f1o habl\u00f3 sobre como prevenir esta enfermedad y sus principales s\u00edntomas. Leer m\u00e1s<\/p>\n","protected":false},"author":0,"featured_media":0,"comment_status":"","ping_status":"","sticky":false,"template":"","format":"standard","meta":{"footnotes":""},"categories":[1],"tags":[],"class_list":["post-443","post","type-post","status-publish","format-standard","hentry","category-sin-categoria"],"_links":{"self":[{"href":"http:\/\/fmdelpueblo.ar\/index.php?rest_route=\/wp\/v2\/posts\/443","targetHints":{"allow":["GET"]}}],"collection":[{"href":"http:\/\/fmdelpueblo.ar\/index.php?rest_route=\/wp\/v2\/posts"}],"about":[{"href":"http:\/\/fmdelpueblo.ar\/index.php?rest_route=\/wp\/v2\/types\/post"}],"replies":[{"embeddable":true,"href":"http:\/\/fmdelpueblo.ar\/index.php?rest_route=%2Fwp%2Fv2%2Fcomments&post=443"}],"version-history":[{"count":0,"href":"http:\/\/fmdelpueblo.ar\/index.php?rest_route=\/wp\/v2\/posts\/443\/revisions"}],"wp:attachment":[{"href":"http:\/\/fmdelpueblo.ar\/index.php?rest_route=%2Fwp%2Fv2%2Fmedia&parent=443"}],"wp:term":[{"taxonomy":"category","embeddable":true,"href":"http:\/\/fmdelpueblo.ar\/index.php?rest_route=%2Fwp%2Fv2%2Fcategories&post=443"},{"taxonomy":"post_tag","embeddable":true,"href":"http:\/\/fmdelpueblo.ar\/index.php?rest_route=%2Fwp%2Fv2%2Ftags&post=443"}],"curies":[{"name":"wp","href":"https:\/\/api.w.org\/{rel}","templated":true}]}}