{"id":433,"date":"2021-10-29T22:09:00","date_gmt":"2021-10-29T22:09:00","guid":{"rendered":"https:\/\/fmdelpueblo.ar\/?p=433"},"modified":"2021-10-29T22:09:00","modified_gmt":"2021-10-29T22:09:00","slug":"participa-de-la-proxima-la-reunion-informativa-del-posgrado-en-periodismo-de-investigacion","status":"publish","type":"post","link":"http:\/\/fmdelpueblo.ar\/?p=433","title":{"rendered":"Particip\u00e1 de la pr\u00f3xima la reuni\u00f3n informativa del Posgrado en Periodismo de Investigaci\u00f3n"},"content":{"rendered":"<\/p>\n<p>El mi\u00e9rcoles 3 de noviembre se llevar\u00e1 a cabo una nueva reuni\u00f3n informativa acerca de la novena edici\u00f3n del programa. <a href=\"https:\/\/www.perfil.com\/noticias\/universidades\/participa-de-la-proxima-la-reunion-informativa-del-posgrado-en-periodismo-de-investigacion.phtml\">Leer m\u00e1s<\/a><\/p>\n","protected":false},"excerpt":{"rendered":"<p>El mi\u00e9rcoles 3 de noviembre se llevar\u00e1 a cabo una nueva reuni\u00f3n informativa acerca de la novena edici\u00f3n del programa. Leer m\u00e1s<\/p>\n","protected":false},"author":0,"featured_media":0,"comment_status":"","ping_status":"","sticky":false,"template":"","format":"standard","meta":{"footnotes":""},"categories":[1],"tags":[],"class_list":["post-433","post","type-post","status-publish","format-standard","hentry","category-sin-categoria"],"_links":{"self":[{"href":"http:\/\/fmdelpueblo.ar\/index.php?rest_route=\/wp\/v2\/posts\/433","targetHints":{"allow":["GET"]}}],"collection":[{"href":"http:\/\/fmdelpueblo.ar\/index.php?rest_route=\/wp\/v2\/posts"}],"about":[{"href":"http:\/\/fmdelpueblo.ar\/index.php?rest_route=\/wp\/v2\/types\/post"}],"replies":[{"embeddable":true,"href":"http:\/\/fmdelpueblo.ar\/index.php?rest_route=%2Fwp%2Fv2%2Fcomments&post=433"}],"version-history":[{"count":0,"href":"http:\/\/fmdelpueblo.ar\/index.php?rest_route=\/wp\/v2\/posts\/433\/revisions"}],"wp:attachment":[{"href":"http:\/\/fmdelpueblo.ar\/index.php?rest_route=%2Fwp%2Fv2%2Fmedia&parent=433"}],"wp:term":[{"taxonomy":"category","embeddable":true,"href":"http:\/\/fmdelpueblo.ar\/index.php?rest_route=%2Fwp%2Fv2%2Fcategories&post=433"},{"taxonomy":"post_tag","embeddable":true,"href":"http:\/\/fmdelpueblo.ar\/index.php?rest_route=%2Fwp%2Fv2%2Ftags&post=433"}],"curies":[{"name":"wp","href":"https:\/\/api.w.org\/{rel}","templated":true}]}}