{"id":38491,"date":"2023-03-17T00:08:55","date_gmt":"2023-03-17T00:08:55","guid":{"rendered":"http:\/\/fmdelpueblo.ar\/?p=38491"},"modified":"2023-03-17T00:08:55","modified_gmt":"2023-03-17T00:08:55","slug":"correa-justifico-la-huida-de-su-exministra-dijo-que-lasso-la-tuvo-como-rehen-a-cambio-de-apoyos","status":"publish","type":"post","link":"http:\/\/fmdelpueblo.ar\/?p=38491","title":{"rendered":"Correa justific\u00f3 la huida de su exministra: dijo que Lasso la tuvo como \u00abreh\u00e9n\u00bb a cambio de apoyos"},"content":{"rendered":"<\/p>\n<p>El exmandatario asegur\u00f3 que sabe muy bien c\u00f3mo ocurrieron los hechos respecto al escape de Duarte de la embajada argentina en Quito. y cuestion\u00f3 el accionar del Gobierno ecuatoriano con el representante argentino. <a href=\"https:\/\/www.perfil.com\/noticias\/internacional\/correa-justifico-la-huida-de-su-exministra-por-ser-una-rehen-de-guillermo-lasso-a-cambio-de-apoyos.phtml\">Leer m\u00e1s<\/a><\/p>\n","protected":false},"excerpt":{"rendered":"<p>El exmandatario asegur\u00f3 que sabe muy bien c\u00f3mo ocurrieron los hechos respecto al escape de Duarte de la embajada argentina en Quito. y cuestion\u00f3 el accionar del Gobierno ecuatoriano con el representante argentino. Leer m\u00e1s<\/p>\n","protected":false},"author":0,"featured_media":0,"comment_status":"","ping_status":"","sticky":false,"template":"","format":"standard","meta":{"footnotes":""},"categories":[1],"tags":[],"class_list":["post-38491","post","type-post","status-publish","format-standard","hentry","category-sin-categoria"],"_links":{"self":[{"href":"http:\/\/fmdelpueblo.ar\/index.php?rest_route=\/wp\/v2\/posts\/38491","targetHints":{"allow":["GET"]}}],"collection":[{"href":"http:\/\/fmdelpueblo.ar\/index.php?rest_route=\/wp\/v2\/posts"}],"about":[{"href":"http:\/\/fmdelpueblo.ar\/index.php?rest_route=\/wp\/v2\/types\/post"}],"replies":[{"embeddable":true,"href":"http:\/\/fmdelpueblo.ar\/index.php?rest_route=%2Fwp%2Fv2%2Fcomments&post=38491"}],"version-history":[{"count":0,"href":"http:\/\/fmdelpueblo.ar\/index.php?rest_route=\/wp\/v2\/posts\/38491\/revisions"}],"wp:attachment":[{"href":"http:\/\/fmdelpueblo.ar\/index.php?rest_route=%2Fwp%2Fv2%2Fmedia&parent=38491"}],"wp:term":[{"taxonomy":"category","embeddable":true,"href":"http:\/\/fmdelpueblo.ar\/index.php?rest_route=%2Fwp%2Fv2%2Fcategories&post=38491"},{"taxonomy":"post_tag","embeddable":true,"href":"http:\/\/fmdelpueblo.ar\/index.php?rest_route=%2Fwp%2Fv2%2Ftags&post=38491"}],"curies":[{"name":"wp","href":"https:\/\/api.w.org\/{rel}","templated":true}]}}