{"id":38490,"date":"2023-03-16T23:09:11","date_gmt":"2023-03-16T23:09:11","guid":{"rendered":"https:\/\/fmdelpueblo.ar\/?p=38490"},"modified":"2023-03-16T23:09:11","modified_gmt":"2023-03-16T23:09:11","slug":"moodys-descarto-un-impacto-de-la-crisis-bancaria-en-america-latina","status":"publish","type":"post","link":"http:\/\/fmdelpueblo.ar\/?p=38490","title":{"rendered":"Moody&#8217;s descart\u00f3 un impacto de la crisis bancaria en Am\u00e9rica Latina"},"content":{"rendered":"<\/p>\n<p>Seg\u00fan el informe de una directora de la firma, los bancos regionales construyeron marcos m\u00e1s s\u00f3lidos para controlar los riesgos del mercado como consecuencia de los prolongados per\u00edodos de altas tasas de inter\u00e9s e inflaci\u00f3n. <a href=\"https:\/\/www.perfil.com\/noticias\/economia\/moodys-descarto-que-la-crisis-bancaria-estadounidense-impactara-en-america-latina.phtml\">Leer m\u00e1s<\/a><\/p>\n","protected":false},"excerpt":{"rendered":"<p>Seg\u00fan el informe de una directora de la firma, los bancos regionales construyeron marcos m\u00e1s s\u00f3lidos para controlar los riesgos del mercado como consecuencia de los prolongados per\u00edodos de altas tasas de inter\u00e9s e inflaci\u00f3n. Leer m\u00e1s<\/p>\n","protected":false},"author":0,"featured_media":0,"comment_status":"","ping_status":"","sticky":false,"template":"","format":"standard","meta":{"footnotes":""},"categories":[1],"tags":[],"class_list":["post-38490","post","type-post","status-publish","format-standard","hentry","category-sin-categoria"],"_links":{"self":[{"href":"http:\/\/fmdelpueblo.ar\/index.php?rest_route=\/wp\/v2\/posts\/38490","targetHints":{"allow":["GET"]}}],"collection":[{"href":"http:\/\/fmdelpueblo.ar\/index.php?rest_route=\/wp\/v2\/posts"}],"about":[{"href":"http:\/\/fmdelpueblo.ar\/index.php?rest_route=\/wp\/v2\/types\/post"}],"replies":[{"embeddable":true,"href":"http:\/\/fmdelpueblo.ar\/index.php?rest_route=%2Fwp%2Fv2%2Fcomments&post=38490"}],"version-history":[{"count":0,"href":"http:\/\/fmdelpueblo.ar\/index.php?rest_route=\/wp\/v2\/posts\/38490\/revisions"}],"wp:attachment":[{"href":"http:\/\/fmdelpueblo.ar\/index.php?rest_route=%2Fwp%2Fv2%2Fmedia&parent=38490"}],"wp:term":[{"taxonomy":"category","embeddable":true,"href":"http:\/\/fmdelpueblo.ar\/index.php?rest_route=%2Fwp%2Fv2%2Fcategories&post=38490"},{"taxonomy":"post_tag","embeddable":true,"href":"http:\/\/fmdelpueblo.ar\/index.php?rest_route=%2Fwp%2Fv2%2Ftags&post=38490"}],"curies":[{"name":"wp","href":"https:\/\/api.w.org\/{rel}","templated":true}]}}