{"id":38489,"date":"2023-03-16T23:09:10","date_gmt":"2023-03-16T23:09:10","guid":{"rendered":"https:\/\/fmdelpueblo.ar\/?p=38489"},"modified":"2023-03-16T23:09:10","modified_gmt":"2023-03-16T23:09:10","slug":"celebracion-por-los-10-anos-del-pontificado-de-francisco-una-iglesia-que-celebra-es-una-iglesia-viva","status":"publish","type":"post","link":"http:\/\/fmdelpueblo.ar\/?p=38489","title":{"rendered":"Celebraci\u00f3n por los 10 a\u00f1os del pontificado de Francisco: \u00abUna Iglesia que celebra es una Iglesia viva\u00bb"},"content":{"rendered":"<\/p>\n<p>Se desarrolla en Canciller\u00eda Argentina en el marco de los 10 a\u00f1os de Jorge Bergoglio como Sumo Pont\u00edfice, con un repaso de los momentos m\u00e1s destacados de su papado. <a href=\"https:\/\/www.perfil.com\/noticias\/sociedad\/celebracion-por-los-10-anos-del-papa-francisco.phtml\">Leer m\u00e1s<\/a><\/p>\n","protected":false},"excerpt":{"rendered":"<p>Se desarrolla en Canciller\u00eda Argentina en el marco de los 10 a\u00f1os de Jorge Bergoglio como Sumo Pont\u00edfice, con un repaso de los momentos m\u00e1s destacados de su papado. Leer m\u00e1s<\/p>\n","protected":false},"author":0,"featured_media":0,"comment_status":"","ping_status":"","sticky":false,"template":"","format":"standard","meta":{"footnotes":""},"categories":[1],"tags":[],"class_list":["post-38489","post","type-post","status-publish","format-standard","hentry","category-sin-categoria"],"_links":{"self":[{"href":"http:\/\/fmdelpueblo.ar\/index.php?rest_route=\/wp\/v2\/posts\/38489","targetHints":{"allow":["GET"]}}],"collection":[{"href":"http:\/\/fmdelpueblo.ar\/index.php?rest_route=\/wp\/v2\/posts"}],"about":[{"href":"http:\/\/fmdelpueblo.ar\/index.php?rest_route=\/wp\/v2\/types\/post"}],"replies":[{"embeddable":true,"href":"http:\/\/fmdelpueblo.ar\/index.php?rest_route=%2Fwp%2Fv2%2Fcomments&post=38489"}],"version-history":[{"count":0,"href":"http:\/\/fmdelpueblo.ar\/index.php?rest_route=\/wp\/v2\/posts\/38489\/revisions"}],"wp:attachment":[{"href":"http:\/\/fmdelpueblo.ar\/index.php?rest_route=%2Fwp%2Fv2%2Fmedia&parent=38489"}],"wp:term":[{"taxonomy":"category","embeddable":true,"href":"http:\/\/fmdelpueblo.ar\/index.php?rest_route=%2Fwp%2Fv2%2Fcategories&post=38489"},{"taxonomy":"post_tag","embeddable":true,"href":"http:\/\/fmdelpueblo.ar\/index.php?rest_route=%2Fwp%2Fv2%2Ftags&post=38489"}],"curies":[{"name":"wp","href":"https:\/\/api.w.org\/{rel}","templated":true}]}}