{"id":38488,"date":"2023-03-16T23:09:09","date_gmt":"2023-03-16T23:09:09","guid":{"rendered":"https:\/\/fmdelpueblo.ar\/?p=38488"},"modified":"2023-03-16T23:09:09","modified_gmt":"2023-03-16T23:09:09","slug":"historia-clinica-de-alberto-fernandez-uno-por-uno-sus-problemas-de-salud-desde-2019","status":"publish","type":"post","link":"http:\/\/fmdelpueblo.ar\/?p=38488","title":{"rendered":"Historia cl\u00ednica de Alberto Fern\u00e1ndez: uno por uno, sus problemas de salud desde 2019"},"content":{"rendered":"<\/p>\n<p>De una inflamaci\u00f3n pleural a su episodio m\u00e1s reciente, una hernia de disco lumbar, un repaso por las distintas situaciones en las que el jefe de Estado necesit\u00f3 atenci\u00f3n m\u00e9dica en los \u00faltimos tres a\u00f1os.  <a href=\"https:\/\/www.perfil.com\/noticias\/politica\/historia-clinica-de-alberto-fernandez-uno-por-uno-sus-problemas-de-salud-desde-2019.phtml\">Leer m\u00e1s<\/a><\/p>\n","protected":false},"excerpt":{"rendered":"<p>De una inflamaci\u00f3n pleural a su episodio m\u00e1s reciente, una hernia de disco lumbar, un repaso por las distintas situaciones en las que el jefe de Estado necesit\u00f3 atenci\u00f3n m\u00e9dica en los \u00faltimos tres a\u00f1os. Leer m\u00e1s<\/p>\n","protected":false},"author":0,"featured_media":0,"comment_status":"","ping_status":"","sticky":false,"template":"","format":"standard","meta":{"footnotes":""},"categories":[1],"tags":[],"class_list":["post-38488","post","type-post","status-publish","format-standard","hentry","category-sin-categoria"],"_links":{"self":[{"href":"http:\/\/fmdelpueblo.ar\/index.php?rest_route=\/wp\/v2\/posts\/38488","targetHints":{"allow":["GET"]}}],"collection":[{"href":"http:\/\/fmdelpueblo.ar\/index.php?rest_route=\/wp\/v2\/posts"}],"about":[{"href":"http:\/\/fmdelpueblo.ar\/index.php?rest_route=\/wp\/v2\/types\/post"}],"replies":[{"embeddable":true,"href":"http:\/\/fmdelpueblo.ar\/index.php?rest_route=%2Fwp%2Fv2%2Fcomments&post=38488"}],"version-history":[{"count":0,"href":"http:\/\/fmdelpueblo.ar\/index.php?rest_route=\/wp\/v2\/posts\/38488\/revisions"}],"wp:attachment":[{"href":"http:\/\/fmdelpueblo.ar\/index.php?rest_route=%2Fwp%2Fv2%2Fmedia&parent=38488"}],"wp:term":[{"taxonomy":"category","embeddable":true,"href":"http:\/\/fmdelpueblo.ar\/index.php?rest_route=%2Fwp%2Fv2%2Fcategories&post=38488"},{"taxonomy":"post_tag","embeddable":true,"href":"http:\/\/fmdelpueblo.ar\/index.php?rest_route=%2Fwp%2Fv2%2Ftags&post=38488"}],"curies":[{"name":"wp","href":"https:\/\/api.w.org\/{rel}","templated":true}]}}