{"id":38487,"date":"2023-03-16T23:09:08","date_gmt":"2023-03-16T23:09:08","guid":{"rendered":"https:\/\/fmdelpueblo.ar\/?p=38487"},"modified":"2023-03-16T23:09:08","modified_gmt":"2023-03-16T23:09:08","slug":"paro-sorpresivo-de-colectivos-que-lineas-no-prestaran-servicio-este-viernes","status":"publish","type":"post","link":"http:\/\/fmdelpueblo.ar\/?p=38487","title":{"rendered":"Paro sorpresivo de colectivos: qu\u00e9 l\u00edneas no prestar\u00e1n servicio este viernes"},"content":{"rendered":"<\/p>\n<p>Una agrupaci\u00f3n de la Uni\u00f3n Tranviarios Automotor dispuso una medida de fuerza para este viernes 17 de marzo. <a href=\"https:\/\/www.perfil.com\/noticias\/economia\/paro-sorpresivo-de-colectivos-que-lineas-no-prestaran-servicio.phtml\">Leer m\u00e1s<\/a><\/p>\n","protected":false},"excerpt":{"rendered":"<p>Una agrupaci\u00f3n de la Uni\u00f3n Tranviarios Automotor dispuso una medida de fuerza para este viernes 17 de marzo. Leer m\u00e1s<\/p>\n","protected":false},"author":0,"featured_media":0,"comment_status":"","ping_status":"","sticky":false,"template":"","format":"standard","meta":{"footnotes":""},"categories":[1],"tags":[],"class_list":["post-38487","post","type-post","status-publish","format-standard","hentry","category-sin-categoria"],"_links":{"self":[{"href":"http:\/\/fmdelpueblo.ar\/index.php?rest_route=\/wp\/v2\/posts\/38487","targetHints":{"allow":["GET"]}}],"collection":[{"href":"http:\/\/fmdelpueblo.ar\/index.php?rest_route=\/wp\/v2\/posts"}],"about":[{"href":"http:\/\/fmdelpueblo.ar\/index.php?rest_route=\/wp\/v2\/types\/post"}],"replies":[{"embeddable":true,"href":"http:\/\/fmdelpueblo.ar\/index.php?rest_route=%2Fwp%2Fv2%2Fcomments&post=38487"}],"version-history":[{"count":0,"href":"http:\/\/fmdelpueblo.ar\/index.php?rest_route=\/wp\/v2\/posts\/38487\/revisions"}],"wp:attachment":[{"href":"http:\/\/fmdelpueblo.ar\/index.php?rest_route=%2Fwp%2Fv2%2Fmedia&parent=38487"}],"wp:term":[{"taxonomy":"category","embeddable":true,"href":"http:\/\/fmdelpueblo.ar\/index.php?rest_route=%2Fwp%2Fv2%2Fcategories&post=38487"},{"taxonomy":"post_tag","embeddable":true,"href":"http:\/\/fmdelpueblo.ar\/index.php?rest_route=%2Fwp%2Fv2%2Ftags&post=38487"}],"curies":[{"name":"wp","href":"https:\/\/api.w.org\/{rel}","templated":true}]}}