{"id":38478,"date":"2023-03-16T21:09:00","date_gmt":"2023-03-16T21:09:00","guid":{"rendered":"https:\/\/fmdelpueblo.ar\/?p=38478"},"modified":"2023-03-16T21:09:00","modified_gmt":"2023-03-16T21:09:00","slug":"marcelo-longobardi-anuncio-su-nueva-llegada-a-la-radio-con-una-critica-a-cristina-kirchner","status":"publish","type":"post","link":"http:\/\/fmdelpueblo.ar\/?p=38478","title":{"rendered":"Marcelo Longobardi anunci\u00f3 su nueva llegada a la radio con una cr\u00edtica a Cristina Kirchner"},"content":{"rendered":"<\/p>\n<p>El periodista confirm\u00f3 su vuelta a Argentina para conducir un nuevo programa en Radio Rivadavia. Advirti\u00f3 que no tendr\u00e1 filtro y dej\u00f3 un fuerte ejemplo: \u00abBasta de Cristina, no podemos vivir alrededor de Cristina\u00bb. <a href=\"https:\/\/www.perfil.com\/noticias\/medios\/marcelo-longobardi-anuncio-su-desembarco-en-radio-rivadavia.phtml\">Leer m\u00e1s<\/a><\/p>\n","protected":false},"excerpt":{"rendered":"<p>El periodista confirm\u00f3 su vuelta a Argentina para conducir un nuevo programa en Radio Rivadavia. Advirti\u00f3 que no tendr\u00e1 filtro y dej\u00f3 un fuerte ejemplo: \u00abBasta de Cristina, no podemos vivir alrededor de Cristina\u00bb. Leer m\u00e1s<\/p>\n","protected":false},"author":0,"featured_media":0,"comment_status":"","ping_status":"","sticky":false,"template":"","format":"standard","meta":{"footnotes":""},"categories":[1],"tags":[],"class_list":["post-38478","post","type-post","status-publish","format-standard","hentry","category-sin-categoria"],"_links":{"self":[{"href":"http:\/\/fmdelpueblo.ar\/index.php?rest_route=\/wp\/v2\/posts\/38478","targetHints":{"allow":["GET"]}}],"collection":[{"href":"http:\/\/fmdelpueblo.ar\/index.php?rest_route=\/wp\/v2\/posts"}],"about":[{"href":"http:\/\/fmdelpueblo.ar\/index.php?rest_route=\/wp\/v2\/types\/post"}],"replies":[{"embeddable":true,"href":"http:\/\/fmdelpueblo.ar\/index.php?rest_route=%2Fwp%2Fv2%2Fcomments&post=38478"}],"version-history":[{"count":0,"href":"http:\/\/fmdelpueblo.ar\/index.php?rest_route=\/wp\/v2\/posts\/38478\/revisions"}],"wp:attachment":[{"href":"http:\/\/fmdelpueblo.ar\/index.php?rest_route=%2Fwp%2Fv2%2Fmedia&parent=38478"}],"wp:term":[{"taxonomy":"category","embeddable":true,"href":"http:\/\/fmdelpueblo.ar\/index.php?rest_route=%2Fwp%2Fv2%2Fcategories&post=38478"},{"taxonomy":"post_tag","embeddable":true,"href":"http:\/\/fmdelpueblo.ar\/index.php?rest_route=%2Fwp%2Fv2%2Ftags&post=38478"}],"curies":[{"name":"wp","href":"https:\/\/api.w.org\/{rel}","templated":true}]}}