{"id":38477,"date":"2023-03-16T20:10:10","date_gmt":"2023-03-16T20:10:10","guid":{"rendered":"https:\/\/fmdelpueblo.ar\/?p=38477"},"modified":"2023-03-16T20:10:10","modified_gmt":"2023-03-16T20:10:10","slug":"por-un-viaje-a-republica-dominicana-alberto-fernandez-no-estara-en-la-movilizacion-por-el-dia-de-la-memoria","status":"publish","type":"post","link":"http:\/\/fmdelpueblo.ar\/?p=38477","title":{"rendered":"Por un viaje a Rep\u00fablica Dominicana, Alberto Fern\u00e1ndez no estar\u00e1 en la movilizaci\u00f3n por el D\u00eda de la Memoria"},"content":{"rendered":"<\/p>\n<p>Desde Casa Rosada confirmaron que el Presidente no asistir\u00e1 porque ya ten\u00eda agendado un compromiso para ese d\u00eda. Adem\u00e1s, ser\u00e1 sometido a un tratamiento para reducir un fuerte dolor lumbar provocado por una hernia de disco. <a href=\"https:\/\/www.perfil.com\/noticias\/politica\/alberto-fernandez-no-estara-en-la-movilizacion-por-el-dia-de-la-memoria-los-motivos.phtml\">Leer m\u00e1s<\/a><\/p>\n","protected":false},"excerpt":{"rendered":"<p>Desde Casa Rosada confirmaron que el Presidente no asistir\u00e1 porque ya ten\u00eda agendado un compromiso para ese d\u00eda. Adem\u00e1s, ser\u00e1 sometido a un tratamiento para reducir un fuerte dolor lumbar provocado por una hernia de disco. Leer m\u00e1s<\/p>\n","protected":false},"author":0,"featured_media":0,"comment_status":"","ping_status":"","sticky":false,"template":"","format":"standard","meta":{"footnotes":""},"categories":[1],"tags":[],"class_list":["post-38477","post","type-post","status-publish","format-standard","hentry","category-sin-categoria"],"_links":{"self":[{"href":"http:\/\/fmdelpueblo.ar\/index.php?rest_route=\/wp\/v2\/posts\/38477","targetHints":{"allow":["GET"]}}],"collection":[{"href":"http:\/\/fmdelpueblo.ar\/index.php?rest_route=\/wp\/v2\/posts"}],"about":[{"href":"http:\/\/fmdelpueblo.ar\/index.php?rest_route=\/wp\/v2\/types\/post"}],"replies":[{"embeddable":true,"href":"http:\/\/fmdelpueblo.ar\/index.php?rest_route=%2Fwp%2Fv2%2Fcomments&post=38477"}],"version-history":[{"count":0,"href":"http:\/\/fmdelpueblo.ar\/index.php?rest_route=\/wp\/v2\/posts\/38477\/revisions"}],"wp:attachment":[{"href":"http:\/\/fmdelpueblo.ar\/index.php?rest_route=%2Fwp%2Fv2%2Fmedia&parent=38477"}],"wp:term":[{"taxonomy":"category","embeddable":true,"href":"http:\/\/fmdelpueblo.ar\/index.php?rest_route=%2Fwp%2Fv2%2Fcategories&post=38477"},{"taxonomy":"post_tag","embeddable":true,"href":"http:\/\/fmdelpueblo.ar\/index.php?rest_route=%2Fwp%2Fv2%2Ftags&post=38477"}],"curies":[{"name":"wp","href":"https:\/\/api.w.org\/{rel}","templated":true}]}}