{"id":38476,"date":"2023-03-16T20:10:10","date_gmt":"2023-03-16T20:10:10","guid":{"rendered":"https:\/\/fmdelpueblo.ar\/?p=38476"},"modified":"2023-03-16T20:10:10","modified_gmt":"2023-03-16T20:10:10","slug":"video-asi-fue-la-explosion-en-la-escuela-de-once","status":"publish","type":"post","link":"http:\/\/fmdelpueblo.ar\/?p=38476","title":{"rendered":"Video | As\u00ed fue la explosi\u00f3n en la escuela de Once"},"content":{"rendered":"<\/p>\n<p>Las primeras im\u00e1genes permiten ver c\u00f3mo fue la falla del tablero de luz de la escuela en Balvanera. No se registraron heridos despu\u00e9s de la llegada del SAME. <a href=\"https:\/\/www.perfil.com\/noticias\/actualidad\/video-asi-fue-la-explosion-en-la-escuela-de-once.phtml\">Leer m\u00e1s<\/a><\/p>\n","protected":false},"excerpt":{"rendered":"<p>Las primeras im\u00e1genes permiten ver c\u00f3mo fue la falla del tablero de luz de la escuela en Balvanera. No se registraron heridos despu\u00e9s de la llegada del SAME. Leer m\u00e1s<\/p>\n","protected":false},"author":0,"featured_media":0,"comment_status":"","ping_status":"","sticky":false,"template":"","format":"standard","meta":{"footnotes":""},"categories":[1],"tags":[],"class_list":["post-38476","post","type-post","status-publish","format-standard","hentry","category-sin-categoria"],"_links":{"self":[{"href":"http:\/\/fmdelpueblo.ar\/index.php?rest_route=\/wp\/v2\/posts\/38476","targetHints":{"allow":["GET"]}}],"collection":[{"href":"http:\/\/fmdelpueblo.ar\/index.php?rest_route=\/wp\/v2\/posts"}],"about":[{"href":"http:\/\/fmdelpueblo.ar\/index.php?rest_route=\/wp\/v2\/types\/post"}],"replies":[{"embeddable":true,"href":"http:\/\/fmdelpueblo.ar\/index.php?rest_route=%2Fwp%2Fv2%2Fcomments&post=38476"}],"version-history":[{"count":0,"href":"http:\/\/fmdelpueblo.ar\/index.php?rest_route=\/wp\/v2\/posts\/38476\/revisions"}],"wp:attachment":[{"href":"http:\/\/fmdelpueblo.ar\/index.php?rest_route=%2Fwp%2Fv2%2Fmedia&parent=38476"}],"wp:term":[{"taxonomy":"category","embeddable":true,"href":"http:\/\/fmdelpueblo.ar\/index.php?rest_route=%2Fwp%2Fv2%2Fcategories&post=38476"},{"taxonomy":"post_tag","embeddable":true,"href":"http:\/\/fmdelpueblo.ar\/index.php?rest_route=%2Fwp%2Fv2%2Ftags&post=38476"}],"curies":[{"name":"wp","href":"https:\/\/api.w.org\/{rel}","templated":true}]}}