{"id":38471,"date":"2023-03-16T19:09:24","date_gmt":"2023-03-16T19:09:24","guid":{"rendered":"http:\/\/fmdelpueblo.ar\/?p=38471"},"modified":"2023-03-16T19:09:24","modified_gmt":"2023-03-16T19:09:24","slug":"carlos-heller-no-me-extranaria-que-haya-nuevas-medidas-economicas-antes-del-fin-de-semana","status":"publish","type":"post","link":"http:\/\/fmdelpueblo.ar\/?p=38471","title":{"rendered":"Carlos Heller: \u00abNo me extra\u00f1ar\u00eda que haya nuevas medidas econ\u00f3micas antes del fin de semana\u00bb"},"content":{"rendered":"<\/p>\n<p>El Presidente de la Comisi\u00f3n de Presupuesto asegur\u00f3 que el Gobierno har\u00e1 cambios para evitar mostrarse derrotado. \u00abNo hay que tomar medidas de shock antiinflacionario\u00bb, remarc\u00f3. <a href=\"https:\/\/www.perfil.com\/noticias\/modo-fontevecchia\/carlos-heller-no-me-extranaria-que-haya-nuevas-medidas-economicas-antes-del-fin-de-semana-modof.phtml\">Leer m\u00e1s<\/a><\/p>\n","protected":false},"excerpt":{"rendered":"<p>El Presidente de la Comisi\u00f3n de Presupuesto asegur\u00f3 que el Gobierno har\u00e1 cambios para evitar mostrarse derrotado. \u00abNo hay que tomar medidas de shock antiinflacionario\u00bb, remarc\u00f3. Leer m\u00e1s<\/p>\n","protected":false},"author":0,"featured_media":0,"comment_status":"","ping_status":"","sticky":false,"template":"","format":"standard","meta":{"footnotes":""},"categories":[1],"tags":[],"class_list":["post-38471","post","type-post","status-publish","format-standard","hentry","category-sin-categoria"],"_links":{"self":[{"href":"http:\/\/fmdelpueblo.ar\/index.php?rest_route=\/wp\/v2\/posts\/38471","targetHints":{"allow":["GET"]}}],"collection":[{"href":"http:\/\/fmdelpueblo.ar\/index.php?rest_route=\/wp\/v2\/posts"}],"about":[{"href":"http:\/\/fmdelpueblo.ar\/index.php?rest_route=\/wp\/v2\/types\/post"}],"replies":[{"embeddable":true,"href":"http:\/\/fmdelpueblo.ar\/index.php?rest_route=%2Fwp%2Fv2%2Fcomments&post=38471"}],"version-history":[{"count":0,"href":"http:\/\/fmdelpueblo.ar\/index.php?rest_route=\/wp\/v2\/posts\/38471\/revisions"}],"wp:attachment":[{"href":"http:\/\/fmdelpueblo.ar\/index.php?rest_route=%2Fwp%2Fv2%2Fmedia&parent=38471"}],"wp:term":[{"taxonomy":"category","embeddable":true,"href":"http:\/\/fmdelpueblo.ar\/index.php?rest_route=%2Fwp%2Fv2%2Fcategories&post=38471"},{"taxonomy":"post_tag","embeddable":true,"href":"http:\/\/fmdelpueblo.ar\/index.php?rest_route=%2Fwp%2Fv2%2Ftags&post=38471"}],"curies":[{"name":"wp","href":"https:\/\/api.w.org\/{rel}","templated":true}]}}