{"id":38470,"date":"2023-03-16T19:09:23","date_gmt":"2023-03-16T19:09:23","guid":{"rendered":"http:\/\/fmdelpueblo.ar\/?p=38470"},"modified":"2023-03-16T19:09:23","modified_gmt":"2023-03-16T19:09:23","slug":"los-chicos-de-clase-media-creceran-con-un-asistente-de-inteligencia-artificial","status":"publish","type":"post","link":"http:\/\/fmdelpueblo.ar\/?p=38470","title":{"rendered":"Los chicos de clase media crecer\u00e1n con un asistente de Inteligencia Artificial"},"content":{"rendered":"<\/p>\n<p>Se estima que en el futuro contar con un servicio de IA ser\u00e1 tan normal como tener una mascota. En ese sentido, ser\u00e1n los padres quienes elijan qu\u00e9 tipo de compa\u00f1ero quieren para sus hijos y qu\u00e9 les ense\u00f1ar\u00e1n. <a href=\"https:\/\/www.perfil.com\/noticias\/bloomberg\/bc-la-ia-esta-a-punto-de-transformar-la-infancia-tyler-cowen.phtml\">Leer m\u00e1s<\/a><\/p>\n","protected":false},"excerpt":{"rendered":"<p>Se estima que en el futuro contar con un servicio de IA ser\u00e1 tan normal como tener una mascota. En ese sentido, ser\u00e1n los padres quienes elijan qu\u00e9 tipo de compa\u00f1ero quieren para sus hijos y qu\u00e9 les ense\u00f1ar\u00e1n. Leer m\u00e1s<\/p>\n","protected":false},"author":0,"featured_media":0,"comment_status":"","ping_status":"","sticky":false,"template":"","format":"standard","meta":{"footnotes":""},"categories":[1],"tags":[],"class_list":["post-38470","post","type-post","status-publish","format-standard","hentry","category-sin-categoria"],"_links":{"self":[{"href":"http:\/\/fmdelpueblo.ar\/index.php?rest_route=\/wp\/v2\/posts\/38470","targetHints":{"allow":["GET"]}}],"collection":[{"href":"http:\/\/fmdelpueblo.ar\/index.php?rest_route=\/wp\/v2\/posts"}],"about":[{"href":"http:\/\/fmdelpueblo.ar\/index.php?rest_route=\/wp\/v2\/types\/post"}],"replies":[{"embeddable":true,"href":"http:\/\/fmdelpueblo.ar\/index.php?rest_route=%2Fwp%2Fv2%2Fcomments&post=38470"}],"version-history":[{"count":0,"href":"http:\/\/fmdelpueblo.ar\/index.php?rest_route=\/wp\/v2\/posts\/38470\/revisions"}],"wp:attachment":[{"href":"http:\/\/fmdelpueblo.ar\/index.php?rest_route=%2Fwp%2Fv2%2Fmedia&parent=38470"}],"wp:term":[{"taxonomy":"category","embeddable":true,"href":"http:\/\/fmdelpueblo.ar\/index.php?rest_route=%2Fwp%2Fv2%2Fcategories&post=38470"},{"taxonomy":"post_tag","embeddable":true,"href":"http:\/\/fmdelpueblo.ar\/index.php?rest_route=%2Fwp%2Fv2%2Ftags&post=38470"}],"curies":[{"name":"wp","href":"https:\/\/api.w.org\/{rel}","templated":true}]}}