{"id":38467,"date":"2023-03-16T19:09:21","date_gmt":"2023-03-16T19:09:21","guid":{"rendered":"http:\/\/fmdelpueblo.ar\/?p=38467"},"modified":"2023-03-16T19:09:21","modified_gmt":"2023-03-16T19:09:21","slug":"el-banco-central-aumento-las-tasas-de-interes-para-los-plazos-fijos","status":"publish","type":"post","link":"http:\/\/fmdelpueblo.ar\/?p=38467","title":{"rendered":"El Banco Central aument\u00f3 las tasas de inter\u00e9s para los plazos fijos"},"content":{"rendered":"<\/p>\n<p>La autoridad monetaria tom\u00f3 la medida tras conocerse el dato de inflaci\u00f3n de febrero y el pedido del Fondo Monetario Internacional. <a href=\"https:\/\/www.perfil.com\/noticias\/economia\/el-banco-central-aumento-las-tasas-de-interes-para-los-plazos-fijos.phtml\">Leer m\u00e1s<\/a><\/p>\n","protected":false},"excerpt":{"rendered":"<p>La autoridad monetaria tom\u00f3 la medida tras conocerse el dato de inflaci\u00f3n de febrero y el pedido del Fondo Monetario Internacional. Leer m\u00e1s<\/p>\n","protected":false},"author":0,"featured_media":0,"comment_status":"","ping_status":"","sticky":false,"template":"","format":"standard","meta":{"footnotes":""},"categories":[1],"tags":[],"class_list":["post-38467","post","type-post","status-publish","format-standard","hentry","category-sin-categoria"],"_links":{"self":[{"href":"http:\/\/fmdelpueblo.ar\/index.php?rest_route=\/wp\/v2\/posts\/38467","targetHints":{"allow":["GET"]}}],"collection":[{"href":"http:\/\/fmdelpueblo.ar\/index.php?rest_route=\/wp\/v2\/posts"}],"about":[{"href":"http:\/\/fmdelpueblo.ar\/index.php?rest_route=\/wp\/v2\/types\/post"}],"replies":[{"embeddable":true,"href":"http:\/\/fmdelpueblo.ar\/index.php?rest_route=%2Fwp%2Fv2%2Fcomments&post=38467"}],"version-history":[{"count":0,"href":"http:\/\/fmdelpueblo.ar\/index.php?rest_route=\/wp\/v2\/posts\/38467\/revisions"}],"wp:attachment":[{"href":"http:\/\/fmdelpueblo.ar\/index.php?rest_route=%2Fwp%2Fv2%2Fmedia&parent=38467"}],"wp:term":[{"taxonomy":"category","embeddable":true,"href":"http:\/\/fmdelpueblo.ar\/index.php?rest_route=%2Fwp%2Fv2%2Fcategories&post=38467"},{"taxonomy":"post_tag","embeddable":true,"href":"http:\/\/fmdelpueblo.ar\/index.php?rest_route=%2Fwp%2Fv2%2Ftags&post=38467"}],"curies":[{"name":"wp","href":"https:\/\/api.w.org\/{rel}","templated":true}]}}