{"id":38465,"date":"2023-03-16T19:09:20","date_gmt":"2023-03-16T19:09:20","guid":{"rendered":"http:\/\/fmdelpueblo.ar\/?p=38465"},"modified":"2023-03-16T19:09:20","modified_gmt":"2023-03-16T19:09:20","slug":"como-reaccionaron-los-mercados-tras-el-rescate-del-credite-suisse","status":"publish","type":"post","link":"http:\/\/fmdelpueblo.ar\/?p=38465","title":{"rendered":"C\u00f3mo reaccionaron los mercados tras el rescate del Credite Suisse"},"content":{"rendered":"<\/p>\n<p>Las Bolsas europeas cerraban el jueves en alza y revert\u00edan las ca\u00eddas de la jornada anterior. Una situaci\u00f3n similar se daba en Estados Unidos y Argentina donde las acciones m\u00e1s importantes cotizaban en verde.  <a href=\"https:\/\/www.perfil.com\/noticias\/economia\/tras-el-miercoles-negro-los-mercados-se-muestran-mas-optimistas.phtml\">Leer m\u00e1s<\/a><\/p>\n","protected":false},"excerpt":{"rendered":"<p>Las Bolsas europeas cerraban el jueves en alza y revert\u00edan las ca\u00eddas de la jornada anterior. Una situaci\u00f3n similar se daba en Estados Unidos y Argentina donde las acciones m\u00e1s importantes cotizaban en verde. Leer m\u00e1s<\/p>\n","protected":false},"author":0,"featured_media":0,"comment_status":"","ping_status":"","sticky":false,"template":"","format":"standard","meta":{"footnotes":""},"categories":[1],"tags":[],"class_list":["post-38465","post","type-post","status-publish","format-standard","hentry","category-sin-categoria"],"_links":{"self":[{"href":"http:\/\/fmdelpueblo.ar\/index.php?rest_route=\/wp\/v2\/posts\/38465","targetHints":{"allow":["GET"]}}],"collection":[{"href":"http:\/\/fmdelpueblo.ar\/index.php?rest_route=\/wp\/v2\/posts"}],"about":[{"href":"http:\/\/fmdelpueblo.ar\/index.php?rest_route=\/wp\/v2\/types\/post"}],"replies":[{"embeddable":true,"href":"http:\/\/fmdelpueblo.ar\/index.php?rest_route=%2Fwp%2Fv2%2Fcomments&post=38465"}],"version-history":[{"count":0,"href":"http:\/\/fmdelpueblo.ar\/index.php?rest_route=\/wp\/v2\/posts\/38465\/revisions"}],"wp:attachment":[{"href":"http:\/\/fmdelpueblo.ar\/index.php?rest_route=%2Fwp%2Fv2%2Fmedia&parent=38465"}],"wp:term":[{"taxonomy":"category","embeddable":true,"href":"http:\/\/fmdelpueblo.ar\/index.php?rest_route=%2Fwp%2Fv2%2Fcategories&post=38465"},{"taxonomy":"post_tag","embeddable":true,"href":"http:\/\/fmdelpueblo.ar\/index.php?rest_route=%2Fwp%2Fv2%2Ftags&post=38465"}],"curies":[{"name":"wp","href":"https:\/\/api.w.org\/{rel}","templated":true}]}}