{"id":38460,"date":"2023-03-16T17:09:03","date_gmt":"2023-03-16T17:09:03","guid":{"rendered":"https:\/\/fmdelpueblo.ar\/?p=38460"},"modified":"2023-03-16T17:09:03","modified_gmt":"2023-03-16T17:09:03","slug":"nueva-interna-en-el-fdt","status":"publish","type":"post","link":"http:\/\/fmdelpueblo.ar\/?p=38460","title":{"rendered":"\u00bfNueva interna en el FDT?"},"content":{"rendered":"<\/p>\n<p>Jorge Ferraresi, ex ministro de la mesa chica de Alberto Fern\u00e1ndez, hizo una desafortunada declaraci\u00f3n que no cay\u00f3 del todo bien en el Gobierno.  <a href=\"https:\/\/www.perfil.com\/noticias\/modo-fontevecchia\/nueva-interna-en-el-fdt-modof.phtml\">Leer m\u00e1s<\/a><\/p>\n","protected":false},"excerpt":{"rendered":"<p>Jorge Ferraresi, ex ministro de la mesa chica de Alberto Fern\u00e1ndez, hizo una desafortunada declaraci\u00f3n que no cay\u00f3 del todo bien en el Gobierno. Leer m\u00e1s<\/p>\n","protected":false},"author":0,"featured_media":0,"comment_status":"","ping_status":"","sticky":false,"template":"","format":"standard","meta":{"footnotes":""},"categories":[1],"tags":[],"class_list":["post-38460","post","type-post","status-publish","format-standard","hentry","category-sin-categoria"],"_links":{"self":[{"href":"http:\/\/fmdelpueblo.ar\/index.php?rest_route=\/wp\/v2\/posts\/38460","targetHints":{"allow":["GET"]}}],"collection":[{"href":"http:\/\/fmdelpueblo.ar\/index.php?rest_route=\/wp\/v2\/posts"}],"about":[{"href":"http:\/\/fmdelpueblo.ar\/index.php?rest_route=\/wp\/v2\/types\/post"}],"replies":[{"embeddable":true,"href":"http:\/\/fmdelpueblo.ar\/index.php?rest_route=%2Fwp%2Fv2%2Fcomments&post=38460"}],"version-history":[{"count":0,"href":"http:\/\/fmdelpueblo.ar\/index.php?rest_route=\/wp\/v2\/posts\/38460\/revisions"}],"wp:attachment":[{"href":"http:\/\/fmdelpueblo.ar\/index.php?rest_route=%2Fwp%2Fv2%2Fmedia&parent=38460"}],"wp:term":[{"taxonomy":"category","embeddable":true,"href":"http:\/\/fmdelpueblo.ar\/index.php?rest_route=%2Fwp%2Fv2%2Fcategories&post=38460"},{"taxonomy":"post_tag","embeddable":true,"href":"http:\/\/fmdelpueblo.ar\/index.php?rest_route=%2Fwp%2Fv2%2Ftags&post=38460"}],"curies":[{"name":"wp","href":"https:\/\/api.w.org\/{rel}","templated":true}]}}