{"id":38459,"date":"2023-03-16T17:09:02","date_gmt":"2023-03-16T17:09:02","guid":{"rendered":"https:\/\/fmdelpueblo.ar\/?p=38459"},"modified":"2023-03-16T17:09:02","modified_gmt":"2023-03-16T17:09:02","slug":"nelson-castro-el-gobierno-vive-una-situacion-de-toxicidad-y-eso-pasa-factura-en-el-cuerpo-del-presidente","status":"publish","type":"post","link":"http:\/\/fmdelpueblo.ar\/?p=38459","title":{"rendered":"Nelson Castro: \u00abEl Gobierno vive una situaci\u00f3n de toxicidad y eso pasa factura en el cuerpo del Presidente\u00bb"},"content":{"rendered":"<\/p>\n<p>El reconocido periodista afirm\u00f3 que las internas constantes del Frente de Todos causan cierto estr\u00e9s y malestar y eso termina repercutiendo en la salud de Alberto Fern\u00e1ndez. <a href=\"https:\/\/www.perfil.com\/noticias\/modo-fontevecchia\/nelson-castro-el-gobierno-vive-una-situacion-de-toxicidad-y-eso-pasa-factura-en-el-cuerpo-del-presidente-modof.phtml\">Leer m\u00e1s<\/a><\/p>\n","protected":false},"excerpt":{"rendered":"<p>El reconocido periodista afirm\u00f3 que las internas constantes del Frente de Todos causan cierto estr\u00e9s y malestar y eso termina repercutiendo en la salud de Alberto Fern\u00e1ndez. Leer m\u00e1s<\/p>\n","protected":false},"author":0,"featured_media":0,"comment_status":"","ping_status":"","sticky":false,"template":"","format":"standard","meta":{"footnotes":""},"categories":[1],"tags":[],"class_list":["post-38459","post","type-post","status-publish","format-standard","hentry","category-sin-categoria"],"_links":{"self":[{"href":"http:\/\/fmdelpueblo.ar\/index.php?rest_route=\/wp\/v2\/posts\/38459","targetHints":{"allow":["GET"]}}],"collection":[{"href":"http:\/\/fmdelpueblo.ar\/index.php?rest_route=\/wp\/v2\/posts"}],"about":[{"href":"http:\/\/fmdelpueblo.ar\/index.php?rest_route=\/wp\/v2\/types\/post"}],"replies":[{"embeddable":true,"href":"http:\/\/fmdelpueblo.ar\/index.php?rest_route=%2Fwp%2Fv2%2Fcomments&post=38459"}],"version-history":[{"count":0,"href":"http:\/\/fmdelpueblo.ar\/index.php?rest_route=\/wp\/v2\/posts\/38459\/revisions"}],"wp:attachment":[{"href":"http:\/\/fmdelpueblo.ar\/index.php?rest_route=%2Fwp%2Fv2%2Fmedia&parent=38459"}],"wp:term":[{"taxonomy":"category","embeddable":true,"href":"http:\/\/fmdelpueblo.ar\/index.php?rest_route=%2Fwp%2Fv2%2Fcategories&post=38459"},{"taxonomy":"post_tag","embeddable":true,"href":"http:\/\/fmdelpueblo.ar\/index.php?rest_route=%2Fwp%2Fv2%2Ftags&post=38459"}],"curies":[{"name":"wp","href":"https:\/\/api.w.org\/{rel}","templated":true}]}}