{"id":38457,"date":"2023-03-16T17:09:01","date_gmt":"2023-03-16T17:09:01","guid":{"rendered":"https:\/\/fmdelpueblo.ar\/?p=38457"},"modified":"2023-03-16T17:09:01","modified_gmt":"2023-03-16T17:09:01","slug":"asoma-la-posibilidad-de-que-vuelvan-las-sesiones-de-diputados-y-senadores","status":"publish","type":"post","link":"http:\/\/fmdelpueblo.ar\/?p=38457","title":{"rendered":"Asoma la posibilidad de que vuelvan las sesiones de Diputados y Senadores"},"content":{"rendered":"<\/p>\n<p>El oficialismo logr\u00f3 un acuerdo con Juntos por el Cambio para retomar las sesiones en la C\u00e1mara Alta, pero las dificultades las tiene en la disputa interna que culmin\u00f3 con cuatro legisladores apart\u00e1ndose en un nuevo bloque.\u00a0<br \/>\n <a href=\"https:\/\/www.perfil.com\/noticias\/modo-fontevecchia\/asoma-la-posibilidad-de-que-vuelvan-las-sesiones-de-diputados-y-senadores-modof.phtml\">Leer m\u00e1s<\/a><\/p>\n","protected":false},"excerpt":{"rendered":"<p>El oficialismo logr\u00f3 un acuerdo con Juntos por el Cambio para retomar las sesiones en la C\u00e1mara Alta, pero las dificultades las tiene en la disputa interna que culmin\u00f3 con cuatro legisladores apart\u00e1ndose en un nuevo bloque.\u00a0 Leer m\u00e1s<\/p>\n","protected":false},"author":0,"featured_media":0,"comment_status":"","ping_status":"","sticky":false,"template":"","format":"standard","meta":{"footnotes":""},"categories":[1],"tags":[],"class_list":["post-38457","post","type-post","status-publish","format-standard","hentry","category-sin-categoria"],"_links":{"self":[{"href":"http:\/\/fmdelpueblo.ar\/index.php?rest_route=\/wp\/v2\/posts\/38457","targetHints":{"allow":["GET"]}}],"collection":[{"href":"http:\/\/fmdelpueblo.ar\/index.php?rest_route=\/wp\/v2\/posts"}],"about":[{"href":"http:\/\/fmdelpueblo.ar\/index.php?rest_route=\/wp\/v2\/types\/post"}],"replies":[{"embeddable":true,"href":"http:\/\/fmdelpueblo.ar\/index.php?rest_route=%2Fwp%2Fv2%2Fcomments&post=38457"}],"version-history":[{"count":0,"href":"http:\/\/fmdelpueblo.ar\/index.php?rest_route=\/wp\/v2\/posts\/38457\/revisions"}],"wp:attachment":[{"href":"http:\/\/fmdelpueblo.ar\/index.php?rest_route=%2Fwp%2Fv2%2Fmedia&parent=38457"}],"wp:term":[{"taxonomy":"category","embeddable":true,"href":"http:\/\/fmdelpueblo.ar\/index.php?rest_route=%2Fwp%2Fv2%2Fcategories&post=38457"},{"taxonomy":"post_tag","embeddable":true,"href":"http:\/\/fmdelpueblo.ar\/index.php?rest_route=%2Fwp%2Fv2%2Ftags&post=38457"}],"curies":[{"name":"wp","href":"https:\/\/api.w.org\/{rel}","templated":true}]}}