{"id":38456,"date":"2023-03-16T17:09:00","date_gmt":"2023-03-16T17:09:00","guid":{"rendered":"https:\/\/fmdelpueblo.ar\/?p=38456"},"modified":"2023-03-16T17:09:00","modified_gmt":"2023-03-16T17:09:00","slug":"gerardo-morales-no-lo-invite-a-facundo-manes-porque-si-no-estabamos-todos-para-el-psicologo","status":"publish","type":"post","link":"http:\/\/fmdelpueblo.ar\/?p=38456","title":{"rendered":"Gerardo Morales: \u00abNo lo invit\u00e9 a Facundo Manes porque si no est\u00e1bamos todos para el psic\u00f3logo\u00bb"},"content":{"rendered":"<\/p>\n<p>El referente de la Uni\u00f3n C\u00edvica Radical cont\u00f3 por qu\u00e9 no le hizo llegar la invitaci\u00f3n al diputado de la UCR en lo que fue la presentaci\u00f3n de su precandidatura para competir en las elecciones. <a href=\"https:\/\/www.perfil.com\/noticias\/modo-fontevecchia\/gerardo-morales-no-lo-invite-a-manes-porque-si-no-estabamos-todos-para-el-psicologo-modof.phtml\">Leer m\u00e1s<\/a><\/p>\n","protected":false},"excerpt":{"rendered":"<p>El referente de la Uni\u00f3n C\u00edvica Radical cont\u00f3 por qu\u00e9 no le hizo llegar la invitaci\u00f3n al diputado de la UCR en lo que fue la presentaci\u00f3n de su precandidatura para competir en las elecciones. Leer m\u00e1s<\/p>\n","protected":false},"author":0,"featured_media":0,"comment_status":"","ping_status":"","sticky":false,"template":"","format":"standard","meta":{"footnotes":""},"categories":[1],"tags":[],"class_list":["post-38456","post","type-post","status-publish","format-standard","hentry","category-sin-categoria"],"_links":{"self":[{"href":"http:\/\/fmdelpueblo.ar\/index.php?rest_route=\/wp\/v2\/posts\/38456","targetHints":{"allow":["GET"]}}],"collection":[{"href":"http:\/\/fmdelpueblo.ar\/index.php?rest_route=\/wp\/v2\/posts"}],"about":[{"href":"http:\/\/fmdelpueblo.ar\/index.php?rest_route=\/wp\/v2\/types\/post"}],"replies":[{"embeddable":true,"href":"http:\/\/fmdelpueblo.ar\/index.php?rest_route=%2Fwp%2Fv2%2Fcomments&post=38456"}],"version-history":[{"count":0,"href":"http:\/\/fmdelpueblo.ar\/index.php?rest_route=\/wp\/v2\/posts\/38456\/revisions"}],"wp:attachment":[{"href":"http:\/\/fmdelpueblo.ar\/index.php?rest_route=%2Fwp%2Fv2%2Fmedia&parent=38456"}],"wp:term":[{"taxonomy":"category","embeddable":true,"href":"http:\/\/fmdelpueblo.ar\/index.php?rest_route=%2Fwp%2Fv2%2Fcategories&post=38456"},{"taxonomy":"post_tag","embeddable":true,"href":"http:\/\/fmdelpueblo.ar\/index.php?rest_route=%2Fwp%2Fv2%2Ftags&post=38456"}],"curies":[{"name":"wp","href":"https:\/\/api.w.org\/{rel}","templated":true}]}}