{"id":38455,"date":"2023-03-16T17:08:59","date_gmt":"2023-03-16T17:08:59","guid":{"rendered":"https:\/\/fmdelpueblo.ar\/?p=38455"},"modified":"2023-03-16T17:08:59","modified_gmt":"2023-03-16T17:08:59","slug":"panos-frios-rodriguez-larreta-le-hablo-a-la-interna-del-pro-y-pidio-bajar-los-decibeles","status":"publish","type":"post","link":"http:\/\/fmdelpueblo.ar\/?p=38455","title":{"rendered":"Pa\u00f1os fr\u00edos: Rodr\u00edguez Larreta le habl\u00f3 a la interna del PRO y pidi\u00f3 \u00abbajar los decibeles\u00bb"},"content":{"rendered":"<\/p>\n<p>El jefe de Gobierno porte\u00f1o y precandidato a presidente present\u00f3 su plan de gesti\u00f3n 2023 e hizo foco en la necesidad de trabajar juntos. <a href=\"https:\/\/www.perfil.com\/noticias\/politica\/rodriguez-larreta-presento-su-plan-de-gestion-y-pidio-a-la-interna-del-pro-bajar-los-decibeles.phtml\">Leer m\u00e1s<\/a><\/p>\n","protected":false},"excerpt":{"rendered":"<p>El jefe de Gobierno porte\u00f1o y precandidato a presidente present\u00f3 su plan de gesti\u00f3n 2023 e hizo foco en la necesidad de trabajar juntos. Leer m\u00e1s<\/p>\n","protected":false},"author":0,"featured_media":0,"comment_status":"","ping_status":"","sticky":false,"template":"","format":"standard","meta":{"footnotes":""},"categories":[1],"tags":[],"class_list":["post-38455","post","type-post","status-publish","format-standard","hentry","category-sin-categoria"],"_links":{"self":[{"href":"http:\/\/fmdelpueblo.ar\/index.php?rest_route=\/wp\/v2\/posts\/38455","targetHints":{"allow":["GET"]}}],"collection":[{"href":"http:\/\/fmdelpueblo.ar\/index.php?rest_route=\/wp\/v2\/posts"}],"about":[{"href":"http:\/\/fmdelpueblo.ar\/index.php?rest_route=\/wp\/v2\/types\/post"}],"replies":[{"embeddable":true,"href":"http:\/\/fmdelpueblo.ar\/index.php?rest_route=%2Fwp%2Fv2%2Fcomments&post=38455"}],"version-history":[{"count":0,"href":"http:\/\/fmdelpueblo.ar\/index.php?rest_route=\/wp\/v2\/posts\/38455\/revisions"}],"wp:attachment":[{"href":"http:\/\/fmdelpueblo.ar\/index.php?rest_route=%2Fwp%2Fv2%2Fmedia&parent=38455"}],"wp:term":[{"taxonomy":"category","embeddable":true,"href":"http:\/\/fmdelpueblo.ar\/index.php?rest_route=%2Fwp%2Fv2%2Fcategories&post=38455"},{"taxonomy":"post_tag","embeddable":true,"href":"http:\/\/fmdelpueblo.ar\/index.php?rest_route=%2Fwp%2Fv2%2Ftags&post=38455"}],"curies":[{"name":"wp","href":"https:\/\/api.w.org\/{rel}","templated":true}]}}