{"id":38454,"date":"2023-03-16T16:09:07","date_gmt":"2023-03-16T16:09:07","guid":{"rendered":"https:\/\/fmdelpueblo.ar\/?p=38454"},"modified":"2023-03-16T16:09:07","modified_gmt":"2023-03-16T16:09:07","slug":"evacuaron-la-ex-escuela-shopping-por-un-desperfecto-electrico","status":"publish","type":"post","link":"http:\/\/fmdelpueblo.ar\/?p=38454","title":{"rendered":"Evacuaron la ex \u00abescuela shopping\u00bb por un desperfecto el\u00e9ctrico"},"content":{"rendered":"<\/p>\n<p>No se registraron heridos. Una auxiliar fue asistida por el SAME por inhalaci\u00f3n del humo. Esto lo gener\u00f3 un tablero de luz que sufri\u00f3 una sobrecarga. <a href=\"https:\/\/www.perfil.com\/noticias\/actualidad\/evacuaron-una-escuela-en-la-ciudad-de-buenos-aires-por-un-desperfecto-de-la-empresa-edesur.phtml\">Leer m\u00e1s<\/a><\/p>\n","protected":false},"excerpt":{"rendered":"<p>No se registraron heridos. Una auxiliar fue asistida por el SAME por inhalaci\u00f3n del humo. Esto lo gener\u00f3 un tablero de luz que sufri\u00f3 una sobrecarga. Leer m\u00e1s<\/p>\n","protected":false},"author":0,"featured_media":0,"comment_status":"","ping_status":"","sticky":false,"template":"","format":"standard","meta":{"footnotes":""},"categories":[1],"tags":[],"class_list":["post-38454","post","type-post","status-publish","format-standard","hentry","category-sin-categoria"],"_links":{"self":[{"href":"http:\/\/fmdelpueblo.ar\/index.php?rest_route=\/wp\/v2\/posts\/38454","targetHints":{"allow":["GET"]}}],"collection":[{"href":"http:\/\/fmdelpueblo.ar\/index.php?rest_route=\/wp\/v2\/posts"}],"about":[{"href":"http:\/\/fmdelpueblo.ar\/index.php?rest_route=\/wp\/v2\/types\/post"}],"replies":[{"embeddable":true,"href":"http:\/\/fmdelpueblo.ar\/index.php?rest_route=%2Fwp%2Fv2%2Fcomments&post=38454"}],"version-history":[{"count":0,"href":"http:\/\/fmdelpueblo.ar\/index.php?rest_route=\/wp\/v2\/posts\/38454\/revisions"}],"wp:attachment":[{"href":"http:\/\/fmdelpueblo.ar\/index.php?rest_route=%2Fwp%2Fv2%2Fmedia&parent=38454"}],"wp:term":[{"taxonomy":"category","embeddable":true,"href":"http:\/\/fmdelpueblo.ar\/index.php?rest_route=%2Fwp%2Fv2%2Fcategories&post=38454"},{"taxonomy":"post_tag","embeddable":true,"href":"http:\/\/fmdelpueblo.ar\/index.php?rest_route=%2Fwp%2Fv2%2Ftags&post=38454"}],"curies":[{"name":"wp","href":"https:\/\/api.w.org\/{rel}","templated":true}]}}