{"id":38452,"date":"2023-03-16T16:09:06","date_gmt":"2023-03-16T16:09:06","guid":{"rendered":"https:\/\/fmdelpueblo.ar\/?p=38452"},"modified":"2023-03-16T16:09:06","modified_gmt":"2023-03-16T16:09:06","slug":"el-banco-central-define-si-sube-las-tasas","status":"publish","type":"post","link":"http:\/\/fmdelpueblo.ar\/?p=38452","title":{"rendered":"El Banco Central define si sube las tasas"},"content":{"rendered":"<\/p>\n<p>Los principales analistas econ\u00f3micos, de acuerdo a los que son los pedidos con el FMI, creen que habr\u00e1 un aumento en las tasas. <a href=\"https:\/\/www.perfil.com\/noticias\/modo-fontevecchia\/el-banco-central-define-si-sube-las-tasas-modof.phtml\">Leer m\u00e1s<\/a><\/p>\n","protected":false},"excerpt":{"rendered":"<p>Los principales analistas econ\u00f3micos, de acuerdo a los que son los pedidos con el FMI, creen que habr\u00e1 un aumento en las tasas. Leer m\u00e1s<\/p>\n","protected":false},"author":0,"featured_media":0,"comment_status":"","ping_status":"","sticky":false,"template":"","format":"standard","meta":{"footnotes":""},"categories":[1],"tags":[],"class_list":["post-38452","post","type-post","status-publish","format-standard","hentry","category-sin-categoria"],"_links":{"self":[{"href":"http:\/\/fmdelpueblo.ar\/index.php?rest_route=\/wp\/v2\/posts\/38452","targetHints":{"allow":["GET"]}}],"collection":[{"href":"http:\/\/fmdelpueblo.ar\/index.php?rest_route=\/wp\/v2\/posts"}],"about":[{"href":"http:\/\/fmdelpueblo.ar\/index.php?rest_route=\/wp\/v2\/types\/post"}],"replies":[{"embeddable":true,"href":"http:\/\/fmdelpueblo.ar\/index.php?rest_route=%2Fwp%2Fv2%2Fcomments&post=38452"}],"version-history":[{"count":0,"href":"http:\/\/fmdelpueblo.ar\/index.php?rest_route=\/wp\/v2\/posts\/38452\/revisions"}],"wp:attachment":[{"href":"http:\/\/fmdelpueblo.ar\/index.php?rest_route=%2Fwp%2Fv2%2Fmedia&parent=38452"}],"wp:term":[{"taxonomy":"category","embeddable":true,"href":"http:\/\/fmdelpueblo.ar\/index.php?rest_route=%2Fwp%2Fv2%2Fcategories&post=38452"},{"taxonomy":"post_tag","embeddable":true,"href":"http:\/\/fmdelpueblo.ar\/index.php?rest_route=%2Fwp%2Fv2%2Ftags&post=38452"}],"curies":[{"name":"wp","href":"https:\/\/api.w.org\/{rel}","templated":true}]}}