{"id":38449,"date":"2023-03-16T16:09:03","date_gmt":"2023-03-16T16:09:03","guid":{"rendered":"https:\/\/fmdelpueblo.ar\/?p=38449"},"modified":"2023-03-16T16:09:03","modified_gmt":"2023-03-16T16:09:03","slug":"javier-milei-se-cruzo-con-una-periodista-queres-que-los-delincuentes-maten-como-ratas-a-los-argentinos","status":"publish","type":"post","link":"http:\/\/fmdelpueblo.ar\/?p=38449","title":{"rendered":"Javier Milei se cruz\u00f3 con una periodista: \u00ab\u00bfQuer\u00e9s que los delincuentes maten como ratas a los argentinos?\u00bb"},"content":{"rendered":"<\/p>\n<p>La discusi\u00f3n se dispar\u00f3 por el spot de campa\u00f1a de Ricardo Bussi, en el que exige la libre portaci\u00f3n de armas. El diputado de La Libertad Avanza defendi\u00f3 la postura de su correligionario y acus\u00f3 a J\u00e9sica Bossi de ser \u00abzaffaronista\u00bb. <a href=\"https:\/\/www.perfil.com\/noticias\/actualidad\/javier-milei-se-cruzo-con-una-periodista-queres-que-los-delincuentes-maten-como-ratas-a-los-argentinos.phtml\">Leer m\u00e1s<\/a><\/p>\n","protected":false},"excerpt":{"rendered":"<p>La discusi\u00f3n se dispar\u00f3 por el spot de campa\u00f1a de Ricardo Bussi, en el que exige la libre portaci\u00f3n de armas. El diputado de La Libertad Avanza defendi\u00f3 la postura de su correligionario y acus\u00f3 a J\u00e9sica Bossi de ser \u00abzaffaronista\u00bb. Leer m\u00e1s<\/p>\n","protected":false},"author":0,"featured_media":0,"comment_status":"","ping_status":"","sticky":false,"template":"","format":"standard","meta":{"footnotes":""},"categories":[1],"tags":[],"class_list":["post-38449","post","type-post","status-publish","format-standard","hentry","category-sin-categoria"],"_links":{"self":[{"href":"http:\/\/fmdelpueblo.ar\/index.php?rest_route=\/wp\/v2\/posts\/38449","targetHints":{"allow":["GET"]}}],"collection":[{"href":"http:\/\/fmdelpueblo.ar\/index.php?rest_route=\/wp\/v2\/posts"}],"about":[{"href":"http:\/\/fmdelpueblo.ar\/index.php?rest_route=\/wp\/v2\/types\/post"}],"replies":[{"embeddable":true,"href":"http:\/\/fmdelpueblo.ar\/index.php?rest_route=%2Fwp%2Fv2%2Fcomments&post=38449"}],"version-history":[{"count":0,"href":"http:\/\/fmdelpueblo.ar\/index.php?rest_route=\/wp\/v2\/posts\/38449\/revisions"}],"wp:attachment":[{"href":"http:\/\/fmdelpueblo.ar\/index.php?rest_route=%2Fwp%2Fv2%2Fmedia&parent=38449"}],"wp:term":[{"taxonomy":"category","embeddable":true,"href":"http:\/\/fmdelpueblo.ar\/index.php?rest_route=%2Fwp%2Fv2%2Fcategories&post=38449"},{"taxonomy":"post_tag","embeddable":true,"href":"http:\/\/fmdelpueblo.ar\/index.php?rest_route=%2Fwp%2Fv2%2Ftags&post=38449"}],"curies":[{"name":"wp","href":"https:\/\/api.w.org\/{rel}","templated":true}]}}