{"id":38448,"date":"2023-03-16T15:09:14","date_gmt":"2023-03-16T15:09:14","guid":{"rendered":"https:\/\/fmdelpueblo.ar\/?p=38448"},"modified":"2023-03-16T15:09:14","modified_gmt":"2023-03-16T15:09:14","slug":"el-drama-de-los-cortes-de-luz-en-la-ciudad-de-buenos-aires-vivir-el-dia-a-dia-es-peor-que-la-pandemia","status":"publish","type":"post","link":"http:\/\/fmdelpueblo.ar\/?p=38448","title":{"rendered":"El drama de los cortes de luz en la ciudad de Buenos Aires: \u00abVivir el d\u00eda a d\u00eda es peor que la pandemia\u00bb"},"content":{"rendered":"<\/p>\n<p>Siguen los problemas para miles de usuarios por la falta de electricidad en plena ola de calor. El reclamo de los vecinos, que piden una soluci\u00f3n con mucho enojo e indignaci\u00f3n. <a href=\"https:\/\/www.perfil.com\/noticias\/modo-fontevecchia\/el-drama-de-los-cortes-de-luz-en-la-ciudad-vivir-el-dia-a-dia-es-peor-que-la-pandemia-modof.phtml\">Leer m\u00e1s<\/a><\/p>\n","protected":false},"excerpt":{"rendered":"<p>Siguen los problemas para miles de usuarios por la falta de electricidad en plena ola de calor. El reclamo de los vecinos, que piden una soluci\u00f3n con mucho enojo e indignaci\u00f3n. Leer m\u00e1s<\/p>\n","protected":false},"author":0,"featured_media":0,"comment_status":"","ping_status":"","sticky":false,"template":"","format":"standard","meta":{"footnotes":""},"categories":[1],"tags":[],"class_list":["post-38448","post","type-post","status-publish","format-standard","hentry","category-sin-categoria"],"_links":{"self":[{"href":"http:\/\/fmdelpueblo.ar\/index.php?rest_route=\/wp\/v2\/posts\/38448","targetHints":{"allow":["GET"]}}],"collection":[{"href":"http:\/\/fmdelpueblo.ar\/index.php?rest_route=\/wp\/v2\/posts"}],"about":[{"href":"http:\/\/fmdelpueblo.ar\/index.php?rest_route=\/wp\/v2\/types\/post"}],"replies":[{"embeddable":true,"href":"http:\/\/fmdelpueblo.ar\/index.php?rest_route=%2Fwp%2Fv2%2Fcomments&post=38448"}],"version-history":[{"count":0,"href":"http:\/\/fmdelpueblo.ar\/index.php?rest_route=\/wp\/v2\/posts\/38448\/revisions"}],"wp:attachment":[{"href":"http:\/\/fmdelpueblo.ar\/index.php?rest_route=%2Fwp%2Fv2%2Fmedia&parent=38448"}],"wp:term":[{"taxonomy":"category","embeddable":true,"href":"http:\/\/fmdelpueblo.ar\/index.php?rest_route=%2Fwp%2Fv2%2Fcategories&post=38448"},{"taxonomy":"post_tag","embeddable":true,"href":"http:\/\/fmdelpueblo.ar\/index.php?rest_route=%2Fwp%2Fv2%2Ftags&post=38448"}],"curies":[{"name":"wp","href":"https:\/\/api.w.org\/{rel}","templated":true}]}}