{"id":38447,"date":"2023-03-16T15:09:13","date_gmt":"2023-03-16T15:09:13","guid":{"rendered":"https:\/\/fmdelpueblo.ar\/?p=38447"},"modified":"2023-03-16T15:09:13","modified_gmt":"2023-03-16T15:09:13","slug":"la-justicia-le-bajo-la-pena-a-eugenio-veppo-el-periodista-condenado-por-matar-a-un-agente-de-transito","status":"publish","type":"post","link":"http:\/\/fmdelpueblo.ar\/?p=38447","title":{"rendered":"La Justicia le baj\u00f3 la pena a Eugenio Veppo, el periodista condenado por matar a un agente de tr\u00e1nsito"},"content":{"rendered":"<\/p>\n<p>El periodista podr\u00eda salir en libertad en los pr\u00f3ximos d\u00edas. Es que a partir de la decisi\u00f3n judicial, su defensor anticip\u00f3 que elevar\u00e1 un planteo para exigir su condicional. C\u00f3mo fue el hecho.  <a href=\"https:\/\/www.perfil.com\/noticias\/policia\/la-justicia-le-bajo-la-pena-a-eugenio-veppo-el-periodista-condenado-por-matar-a-un-agente-de-transito.phtml\">Leer m\u00e1s<\/a><\/p>\n","protected":false},"excerpt":{"rendered":"<p>El periodista podr\u00eda salir en libertad en los pr\u00f3ximos d\u00edas. Es que a partir de la decisi\u00f3n judicial, su defensor anticip\u00f3 que elevar\u00e1 un planteo para exigir su condicional. C\u00f3mo fue el hecho. Leer m\u00e1s<\/p>\n","protected":false},"author":0,"featured_media":0,"comment_status":"","ping_status":"","sticky":false,"template":"","format":"standard","meta":{"footnotes":""},"categories":[1],"tags":[],"class_list":["post-38447","post","type-post","status-publish","format-standard","hentry","category-sin-categoria"],"_links":{"self":[{"href":"http:\/\/fmdelpueblo.ar\/index.php?rest_route=\/wp\/v2\/posts\/38447","targetHints":{"allow":["GET"]}}],"collection":[{"href":"http:\/\/fmdelpueblo.ar\/index.php?rest_route=\/wp\/v2\/posts"}],"about":[{"href":"http:\/\/fmdelpueblo.ar\/index.php?rest_route=\/wp\/v2\/types\/post"}],"replies":[{"embeddable":true,"href":"http:\/\/fmdelpueblo.ar\/index.php?rest_route=%2Fwp%2Fv2%2Fcomments&post=38447"}],"version-history":[{"count":0,"href":"http:\/\/fmdelpueblo.ar\/index.php?rest_route=\/wp\/v2\/posts\/38447\/revisions"}],"wp:attachment":[{"href":"http:\/\/fmdelpueblo.ar\/index.php?rest_route=%2Fwp%2Fv2%2Fmedia&parent=38447"}],"wp:term":[{"taxonomy":"category","embeddable":true,"href":"http:\/\/fmdelpueblo.ar\/index.php?rest_route=%2Fwp%2Fv2%2Fcategories&post=38447"},{"taxonomy":"post_tag","embeddable":true,"href":"http:\/\/fmdelpueblo.ar\/index.php?rest_route=%2Fwp%2Fv2%2Ftags&post=38447"}],"curies":[{"name":"wp","href":"https:\/\/api.w.org\/{rel}","templated":true}]}}