{"id":38446,"date":"2023-03-16T15:09:13","date_gmt":"2023-03-16T15:09:13","guid":{"rendered":"https:\/\/fmdelpueblo.ar\/?p=38446"},"modified":"2023-03-16T15:09:13","modified_gmt":"2023-03-16T15:09:13","slug":"las-naftas-suben-su-precio-y-siguen-los-aumentos-para-abril","status":"publish","type":"post","link":"http:\/\/fmdelpueblo.ar\/?p=38446","title":{"rendered":"Las naftas suben su precio y siguen los aumentos para abril"},"content":{"rendered":"<\/p>\n<p>Tanto YPF como Shell anunciaron subas en los \u00faltimos d\u00edas y crece la preocupaci\u00f3n porque el pr\u00f3ximo mes vuelve el impuesto a los combustibles. <a href=\"https:\/\/www.perfil.com\/noticias\/modo-fontevecchia\/las-naftas-suben-su-precio-y-siguen-los-aumentos-para-abril-modof.phtml\">Leer m\u00e1s<\/a><\/p>\n","protected":false},"excerpt":{"rendered":"<p>Tanto YPF como Shell anunciaron subas en los \u00faltimos d\u00edas y crece la preocupaci\u00f3n porque el pr\u00f3ximo mes vuelve el impuesto a los combustibles. Leer m\u00e1s<\/p>\n","protected":false},"author":0,"featured_media":0,"comment_status":"","ping_status":"","sticky":false,"template":"","format":"standard","meta":{"footnotes":""},"categories":[1],"tags":[],"class_list":["post-38446","post","type-post","status-publish","format-standard","hentry","category-sin-categoria"],"_links":{"self":[{"href":"http:\/\/fmdelpueblo.ar\/index.php?rest_route=\/wp\/v2\/posts\/38446","targetHints":{"allow":["GET"]}}],"collection":[{"href":"http:\/\/fmdelpueblo.ar\/index.php?rest_route=\/wp\/v2\/posts"}],"about":[{"href":"http:\/\/fmdelpueblo.ar\/index.php?rest_route=\/wp\/v2\/types\/post"}],"replies":[{"embeddable":true,"href":"http:\/\/fmdelpueblo.ar\/index.php?rest_route=%2Fwp%2Fv2%2Fcomments&post=38446"}],"version-history":[{"count":0,"href":"http:\/\/fmdelpueblo.ar\/index.php?rest_route=\/wp\/v2\/posts\/38446\/revisions"}],"wp:attachment":[{"href":"http:\/\/fmdelpueblo.ar\/index.php?rest_route=%2Fwp%2Fv2%2Fmedia&parent=38446"}],"wp:term":[{"taxonomy":"category","embeddable":true,"href":"http:\/\/fmdelpueblo.ar\/index.php?rest_route=%2Fwp%2Fv2%2Fcategories&post=38446"},{"taxonomy":"post_tag","embeddable":true,"href":"http:\/\/fmdelpueblo.ar\/index.php?rest_route=%2Fwp%2Fv2%2Ftags&post=38446"}],"curies":[{"name":"wp","href":"https:\/\/api.w.org\/{rel}","templated":true}]}}