{"id":38445,"date":"2023-03-16T15:09:12","date_gmt":"2023-03-16T15:09:12","guid":{"rendered":"https:\/\/fmdelpueblo.ar\/?p=38445"},"modified":"2023-03-16T15:09:12","modified_gmt":"2023-03-16T15:09:12","slug":"el-banco-central-europeo-sube-medio-punto-la-tasa-ante-el-menor-temor-por-el-credit-suisse","status":"publish","type":"post","link":"http:\/\/fmdelpueblo.ar\/?p=38445","title":{"rendered":"El Banco Central Europeo sube medio punto la tasa ante el menor temor por el Credit Suisse"},"content":{"rendered":"<\/p>\n<p>El Banco Central Europeo decidi\u00f3 subir las tasas de inter\u00e9s en medio punto, como hab\u00eda planeado, pero no se pronunci\u00f3 sobre lo que podr\u00eda venir m\u00e1s adelante, en medio de una tormenta bancaria que amenaza la supervivencia de Credit Suisse Group AG. <a href=\"https:\/\/www.perfil.com\/noticias\/bloomberg\/bc-bce-sube-tasa-medio-punto-ante-menor-temor-por-credit-suisse.phtml\">Leer m\u00e1s<\/a><\/p>\n","protected":false},"excerpt":{"rendered":"<p>El Banco Central Europeo decidi\u00f3 subir las tasas de inter\u00e9s en medio punto, como hab\u00eda planeado, pero no se pronunci\u00f3 sobre lo que podr\u00eda venir m\u00e1s adelante, en medio de una tormenta bancaria que amenaza la supervivencia de Credit Suisse Group AG. Leer m\u00e1s<\/p>\n","protected":false},"author":0,"featured_media":0,"comment_status":"","ping_status":"","sticky":false,"template":"","format":"standard","meta":{"footnotes":""},"categories":[1],"tags":[],"class_list":["post-38445","post","type-post","status-publish","format-standard","hentry","category-sin-categoria"],"_links":{"self":[{"href":"http:\/\/fmdelpueblo.ar\/index.php?rest_route=\/wp\/v2\/posts\/38445","targetHints":{"allow":["GET"]}}],"collection":[{"href":"http:\/\/fmdelpueblo.ar\/index.php?rest_route=\/wp\/v2\/posts"}],"about":[{"href":"http:\/\/fmdelpueblo.ar\/index.php?rest_route=\/wp\/v2\/types\/post"}],"replies":[{"embeddable":true,"href":"http:\/\/fmdelpueblo.ar\/index.php?rest_route=%2Fwp%2Fv2%2Fcomments&post=38445"}],"version-history":[{"count":0,"href":"http:\/\/fmdelpueblo.ar\/index.php?rest_route=\/wp\/v2\/posts\/38445\/revisions"}],"wp:attachment":[{"href":"http:\/\/fmdelpueblo.ar\/index.php?rest_route=%2Fwp%2Fv2%2Fmedia&parent=38445"}],"wp:term":[{"taxonomy":"category","embeddable":true,"href":"http:\/\/fmdelpueblo.ar\/index.php?rest_route=%2Fwp%2Fv2%2Fcategories&post=38445"},{"taxonomy":"post_tag","embeddable":true,"href":"http:\/\/fmdelpueblo.ar\/index.php?rest_route=%2Fwp%2Fv2%2Ftags&post=38445"}],"curies":[{"name":"wp","href":"https:\/\/api.w.org\/{rel}","templated":true}]}}