{"id":38440,"date":"2023-03-16T14:12:00","date_gmt":"2023-03-16T14:12:00","guid":{"rendered":"http:\/\/fmdelpueblo.ar\/?p=38440"},"modified":"2023-03-16T14:12:00","modified_gmt":"2023-03-16T14:12:00","slug":"comercio-analizo-el-impacto-de-los-juicios-laborales-y-registracion-de-empleados-en-las-pymes","status":"publish","type":"post","link":"http:\/\/fmdelpueblo.ar\/?p=38440","title":{"rendered":"Comercio analiz\u00f3 el impacto de los juicios laborales y registraci\u00f3n de empleados en las pymes"},"content":{"rendered":"<\/p>\n<p>La C\u00e1mara de Diputados trabaj\u00f3 en una nueva jornada informativa para analizar la situaci\u00f3n del trabajo. <a href=\"https:\/\/www.perfil.com\/noticias\/politica\/comercio-analizo-el-impacto-de-los-juicios-laborales-y-registracion-de-empleados-en-las-pymes.phtml\">Leer m\u00e1s<\/a><\/p>\n","protected":false},"excerpt":{"rendered":"<p>La C\u00e1mara de Diputados trabaj\u00f3 en una nueva jornada informativa para analizar la situaci\u00f3n del trabajo. Leer m\u00e1s<\/p>\n","protected":false},"author":0,"featured_media":0,"comment_status":"","ping_status":"","sticky":false,"template":"","format":"standard","meta":{"footnotes":""},"categories":[1],"tags":[],"class_list":["post-38440","post","type-post","status-publish","format-standard","hentry","category-sin-categoria"],"_links":{"self":[{"href":"http:\/\/fmdelpueblo.ar\/index.php?rest_route=\/wp\/v2\/posts\/38440","targetHints":{"allow":["GET"]}}],"collection":[{"href":"http:\/\/fmdelpueblo.ar\/index.php?rest_route=\/wp\/v2\/posts"}],"about":[{"href":"http:\/\/fmdelpueblo.ar\/index.php?rest_route=\/wp\/v2\/types\/post"}],"replies":[{"embeddable":true,"href":"http:\/\/fmdelpueblo.ar\/index.php?rest_route=%2Fwp%2Fv2%2Fcomments&post=38440"}],"version-history":[{"count":0,"href":"http:\/\/fmdelpueblo.ar\/index.php?rest_route=\/wp\/v2\/posts\/38440\/revisions"}],"wp:attachment":[{"href":"http:\/\/fmdelpueblo.ar\/index.php?rest_route=%2Fwp%2Fv2%2Fmedia&parent=38440"}],"wp:term":[{"taxonomy":"category","embeddable":true,"href":"http:\/\/fmdelpueblo.ar\/index.php?rest_route=%2Fwp%2Fv2%2Fcategories&post=38440"},{"taxonomy":"post_tag","embeddable":true,"href":"http:\/\/fmdelpueblo.ar\/index.php?rest_route=%2Fwp%2Fv2%2Ftags&post=38440"}],"curies":[{"name":"wp","href":"https:\/\/api.w.org\/{rel}","templated":true}]}}