{"id":38438,"date":"2023-03-16T14:11:58","date_gmt":"2023-03-16T14:11:58","guid":{"rendered":"http:\/\/fmdelpueblo.ar\/?p=38438"},"modified":"2023-03-16T14:11:58","modified_gmt":"2023-03-16T14:11:58","slug":"banxico-subiria-las-tasas-en-25-puntos-basicos-en-marzo","status":"publish","type":"post","link":"http:\/\/fmdelpueblo.ar\/?p=38438","title":{"rendered":"Banxico subir\u00eda las tasas en 25 puntos b\u00e1sicos en marzo"},"content":{"rendered":"<\/p>\n<p>JP Morgan espera un aumento de 25 puntos b\u00e1sicos el 30 de marzo y otro de 25 puntos b\u00e1sicos a finales en mayo para abordar los riesgos de inflaci\u00f3n a corto plazo, escribi\u00f3 Gabriel Lozano, economista jefe para M\u00e9xico y Centroam\u00e9rica del banco, en una nota. <a href=\"https:\/\/www.perfil.com\/noticias\/bloomberg\/bc-banxico-subira-tasas-en-25-puntos-basicos-en-marzo-jpmorgan.phtml\">Leer m\u00e1s<\/a><\/p>\n","protected":false},"excerpt":{"rendered":"<p>JP Morgan espera un aumento de 25 puntos b\u00e1sicos el 30 de marzo y otro de 25 puntos b\u00e1sicos a finales en mayo para abordar los riesgos de inflaci\u00f3n a corto plazo, escribi\u00f3 Gabriel Lozano, economista jefe para M\u00e9xico y Centroam\u00e9rica del banco, en una nota. Leer m\u00e1s<\/p>\n","protected":false},"author":0,"featured_media":0,"comment_status":"","ping_status":"","sticky":false,"template":"","format":"standard","meta":{"footnotes":""},"categories":[1],"tags":[],"class_list":["post-38438","post","type-post","status-publish","format-standard","hentry","category-sin-categoria"],"_links":{"self":[{"href":"http:\/\/fmdelpueblo.ar\/index.php?rest_route=\/wp\/v2\/posts\/38438","targetHints":{"allow":["GET"]}}],"collection":[{"href":"http:\/\/fmdelpueblo.ar\/index.php?rest_route=\/wp\/v2\/posts"}],"about":[{"href":"http:\/\/fmdelpueblo.ar\/index.php?rest_route=\/wp\/v2\/types\/post"}],"replies":[{"embeddable":true,"href":"http:\/\/fmdelpueblo.ar\/index.php?rest_route=%2Fwp%2Fv2%2Fcomments&post=38438"}],"version-history":[{"count":0,"href":"http:\/\/fmdelpueblo.ar\/index.php?rest_route=\/wp\/v2\/posts\/38438\/revisions"}],"wp:attachment":[{"href":"http:\/\/fmdelpueblo.ar\/index.php?rest_route=%2Fwp%2Fv2%2Fmedia&parent=38438"}],"wp:term":[{"taxonomy":"category","embeddable":true,"href":"http:\/\/fmdelpueblo.ar\/index.php?rest_route=%2Fwp%2Fv2%2Fcategories&post=38438"},{"taxonomy":"post_tag","embeddable":true,"href":"http:\/\/fmdelpueblo.ar\/index.php?rest_route=%2Fwp%2Fv2%2Ftags&post=38438"}],"curies":[{"name":"wp","href":"https:\/\/api.w.org\/{rel}","templated":true}]}}