{"id":38435,"date":"2023-03-16T14:11:57","date_gmt":"2023-03-16T14:11:57","guid":{"rendered":"http:\/\/fmdelpueblo.ar\/?p=38435"},"modified":"2023-03-16T14:11:57","modified_gmt":"2023-03-16T14:11:57","slug":"san-lorenzo-y-argentinos-juniors-debutaron-con-goleadas","status":"publish","type":"post","link":"http:\/\/fmdelpueblo.ar\/?p=38435","title":{"rendered":"San Lorenzo y Argentinos Juniors debutaron con goleadas"},"content":{"rendered":"<\/p>\n<p>El Cicl\u00f3n triunf\u00f3 3 a 0 frente a Sarmiento de Resistencia con el regreso goleador de Nicol\u00e1s Blandi. Por su parte, el conjunto de La Paternal se llev\u00f3 la victoria, por el mismo resultado, frente a Deportivo Armenio. <a href=\"https:\/\/www.perfil.com\/noticias\/modo-fontevecchia\/san-lorenzo-y-argentinos-juniors-debutaron-con-goleadas-modof.phtml\">Leer m\u00e1s<\/a><\/p>\n","protected":false},"excerpt":{"rendered":"<p>El Cicl\u00f3n triunf\u00f3 3 a 0 frente a Sarmiento de Resistencia con el regreso goleador de Nicol\u00e1s Blandi. Por su parte, el conjunto de La Paternal se llev\u00f3 la victoria, por el mismo resultado, frente a Deportivo Armenio. Leer m\u00e1s<\/p>\n","protected":false},"author":0,"featured_media":0,"comment_status":"","ping_status":"","sticky":false,"template":"","format":"standard","meta":{"footnotes":""},"categories":[1],"tags":[],"class_list":["post-38435","post","type-post","status-publish","format-standard","hentry","category-sin-categoria"],"_links":{"self":[{"href":"http:\/\/fmdelpueblo.ar\/index.php?rest_route=\/wp\/v2\/posts\/38435","targetHints":{"allow":["GET"]}}],"collection":[{"href":"http:\/\/fmdelpueblo.ar\/index.php?rest_route=\/wp\/v2\/posts"}],"about":[{"href":"http:\/\/fmdelpueblo.ar\/index.php?rest_route=\/wp\/v2\/types\/post"}],"replies":[{"embeddable":true,"href":"http:\/\/fmdelpueblo.ar\/index.php?rest_route=%2Fwp%2Fv2%2Fcomments&post=38435"}],"version-history":[{"count":0,"href":"http:\/\/fmdelpueblo.ar\/index.php?rest_route=\/wp\/v2\/posts\/38435\/revisions"}],"wp:attachment":[{"href":"http:\/\/fmdelpueblo.ar\/index.php?rest_route=%2Fwp%2Fv2%2Fmedia&parent=38435"}],"wp:term":[{"taxonomy":"category","embeddable":true,"href":"http:\/\/fmdelpueblo.ar\/index.php?rest_route=%2Fwp%2Fv2%2Fcategories&post=38435"},{"taxonomy":"post_tag","embeddable":true,"href":"http:\/\/fmdelpueblo.ar\/index.php?rest_route=%2Fwp%2Fv2%2Ftags&post=38435"}],"curies":[{"name":"wp","href":"https:\/\/api.w.org\/{rel}","templated":true}]}}