{"id":38433,"date":"2023-03-16T14:11:56","date_gmt":"2023-03-16T14:11:56","guid":{"rendered":"http:\/\/fmdelpueblo.ar\/?p=38433"},"modified":"2023-03-16T14:11:56","modified_gmt":"2023-03-16T14:11:56","slug":"video-un-motochorro-baleo-a-un-jubilado-para-robarle-un-reloj-en-pleno-recoleta","status":"publish","type":"post","link":"http:\/\/fmdelpueblo.ar\/?p=38433","title":{"rendered":"Video: un motochorro bale\u00f3 a un jubilado para robarle un reloj en pleno Recoleta"},"content":{"rendered":"<\/p>\n<p>El anciano de 93 a\u00f1os caminaba por la calle Rodr\u00edguez Pe\u00f1a casi al llegar a la esquina de Guido. Fue abordado por un hombre que le sac\u00f3 su reloj, lo tir\u00f3 al suelo y le dispar\u00f3.  <a href=\"https:\/\/www.perfil.com\/noticias\/policia\/video-un-motochorro-baleo-a-un-jubilado-para-robarle-un-reloj-en-pleno-recoleta.phtml\">Leer m\u00e1s<\/a><\/p>\n","protected":false},"excerpt":{"rendered":"<p>El anciano de 93 a\u00f1os caminaba por la calle Rodr\u00edguez Pe\u00f1a casi al llegar a la esquina de Guido. Fue abordado por un hombre que le sac\u00f3 su reloj, lo tir\u00f3 al suelo y le dispar\u00f3. Leer m\u00e1s<\/p>\n","protected":false},"author":0,"featured_media":0,"comment_status":"","ping_status":"","sticky":false,"template":"","format":"standard","meta":{"footnotes":""},"categories":[1],"tags":[],"class_list":["post-38433","post","type-post","status-publish","format-standard","hentry","category-sin-categoria"],"_links":{"self":[{"href":"http:\/\/fmdelpueblo.ar\/index.php?rest_route=\/wp\/v2\/posts\/38433","targetHints":{"allow":["GET"]}}],"collection":[{"href":"http:\/\/fmdelpueblo.ar\/index.php?rest_route=\/wp\/v2\/posts"}],"about":[{"href":"http:\/\/fmdelpueblo.ar\/index.php?rest_route=\/wp\/v2\/types\/post"}],"replies":[{"embeddable":true,"href":"http:\/\/fmdelpueblo.ar\/index.php?rest_route=%2Fwp%2Fv2%2Fcomments&post=38433"}],"version-history":[{"count":0,"href":"http:\/\/fmdelpueblo.ar\/index.php?rest_route=\/wp\/v2\/posts\/38433\/revisions"}],"wp:attachment":[{"href":"http:\/\/fmdelpueblo.ar\/index.php?rest_route=%2Fwp%2Fv2%2Fmedia&parent=38433"}],"wp:term":[{"taxonomy":"category","embeddable":true,"href":"http:\/\/fmdelpueblo.ar\/index.php?rest_route=%2Fwp%2Fv2%2Fcategories&post=38433"},{"taxonomy":"post_tag","embeddable":true,"href":"http:\/\/fmdelpueblo.ar\/index.php?rest_route=%2Fwp%2Fv2%2Ftags&post=38433"}],"curies":[{"name":"wp","href":"https:\/\/api.w.org\/{rel}","templated":true}]}}