{"id":38430,"date":"2023-03-16T13:10:09","date_gmt":"2023-03-16T13:10:09","guid":{"rendered":"http:\/\/fmdelpueblo.ar\/?p=38430"},"modified":"2023-03-16T13:10:09","modified_gmt":"2023-03-16T13:10:09","slug":"las-dos-opciones-que-baraja-el-gobierno-para-castigar-a-edesur","status":"publish","type":"post","link":"http:\/\/fmdelpueblo.ar\/?p=38430","title":{"rendered":"Las dos opciones que baraja el Gobierno para castigar a Edesur"},"content":{"rendered":"<\/p>\n<p>El oficialismo estar\u00eda evaluando quitar la concesi\u00f3n y realizar una denuncia penal contra la empresa el\u00e9ctrica manejada por Enel, que ya avis\u00f3 que dejar\u00e1 el pa\u00eds. <a href=\"https:\/\/www.perfil.com\/noticias\/modo-fontevecchia\/las-dos-opciones-que-baraja-el-gobierno-para-castigar-a-edesur-modof.phtml\">Leer m\u00e1s<\/a><\/p>\n","protected":false},"excerpt":{"rendered":"<p>El oficialismo estar\u00eda evaluando quitar la concesi\u00f3n y realizar una denuncia penal contra la empresa el\u00e9ctrica manejada por Enel, que ya avis\u00f3 que dejar\u00e1 el pa\u00eds. Leer m\u00e1s<\/p>\n","protected":false},"author":0,"featured_media":0,"comment_status":"","ping_status":"","sticky":false,"template":"","format":"standard","meta":{"footnotes":""},"categories":[1],"tags":[],"class_list":["post-38430","post","type-post","status-publish","format-standard","hentry","category-sin-categoria"],"_links":{"self":[{"href":"http:\/\/fmdelpueblo.ar\/index.php?rest_route=\/wp\/v2\/posts\/38430","targetHints":{"allow":["GET"]}}],"collection":[{"href":"http:\/\/fmdelpueblo.ar\/index.php?rest_route=\/wp\/v2\/posts"}],"about":[{"href":"http:\/\/fmdelpueblo.ar\/index.php?rest_route=\/wp\/v2\/types\/post"}],"replies":[{"embeddable":true,"href":"http:\/\/fmdelpueblo.ar\/index.php?rest_route=%2Fwp%2Fv2%2Fcomments&post=38430"}],"version-history":[{"count":0,"href":"http:\/\/fmdelpueblo.ar\/index.php?rest_route=\/wp\/v2\/posts\/38430\/revisions"}],"wp:attachment":[{"href":"http:\/\/fmdelpueblo.ar\/index.php?rest_route=%2Fwp%2Fv2%2Fmedia&parent=38430"}],"wp:term":[{"taxonomy":"category","embeddable":true,"href":"http:\/\/fmdelpueblo.ar\/index.php?rest_route=%2Fwp%2Fv2%2Fcategories&post=38430"},{"taxonomy":"post_tag","embeddable":true,"href":"http:\/\/fmdelpueblo.ar\/index.php?rest_route=%2Fwp%2Fv2%2Ftags&post=38430"}],"curies":[{"name":"wp","href":"https:\/\/api.w.org\/{rel}","templated":true}]}}