{"id":38429,"date":"2023-03-16T13:10:09","date_gmt":"2023-03-16T13:10:09","guid":{"rendered":"http:\/\/fmdelpueblo.ar\/?p=38429"},"modified":"2023-03-16T13:10:09","modified_gmt":"2023-03-16T13:10:09","slug":"el-gobierno-admitio-que-el-numero-de-inflacion-es-malisimo-pero-aseguro-que-las-variables-estan-bajo-control","status":"publish","type":"post","link":"http:\/\/fmdelpueblo.ar\/?p=38429","title":{"rendered":"El Gobierno admiti\u00f3 que el n\u00famero de inflaci\u00f3n es \u00abmal\u00edsimo\u00bb pero asegur\u00f3 que \u00ablas variables est\u00e1n bajo control\u00bb"},"content":{"rendered":"<\/p>\n<p>Lo dijo la vocera presidencial Gabriela Cerruti, aunque no hubo anuncios de futuras medidas. Justific\u00f3 las subas por la sequ\u00eda y apunt\u00f3 a la Justicia por bloquear el control de precios a las telecomunicaciones. <a href=\"https:\/\/www.perfil.com\/noticias\/politica\/el-gobierno-admitio-que-el-numero-de-inflacion-es-malisimo-pero-aseguro-que-las-variables-estan-bajo-control.phtml\">Leer m\u00e1s<\/a><\/p>\n","protected":false},"excerpt":{"rendered":"<p>Lo dijo la vocera presidencial Gabriela Cerruti, aunque no hubo anuncios de futuras medidas. Justific\u00f3 las subas por la sequ\u00eda y apunt\u00f3 a la Justicia por bloquear el control de precios a las telecomunicaciones. Leer m\u00e1s<\/p>\n","protected":false},"author":0,"featured_media":0,"comment_status":"","ping_status":"","sticky":false,"template":"","format":"standard","meta":{"footnotes":""},"categories":[1],"tags":[],"class_list":["post-38429","post","type-post","status-publish","format-standard","hentry","category-sin-categoria"],"_links":{"self":[{"href":"http:\/\/fmdelpueblo.ar\/index.php?rest_route=\/wp\/v2\/posts\/38429","targetHints":{"allow":["GET"]}}],"collection":[{"href":"http:\/\/fmdelpueblo.ar\/index.php?rest_route=\/wp\/v2\/posts"}],"about":[{"href":"http:\/\/fmdelpueblo.ar\/index.php?rest_route=\/wp\/v2\/types\/post"}],"replies":[{"embeddable":true,"href":"http:\/\/fmdelpueblo.ar\/index.php?rest_route=%2Fwp%2Fv2%2Fcomments&post=38429"}],"version-history":[{"count":0,"href":"http:\/\/fmdelpueblo.ar\/index.php?rest_route=\/wp\/v2\/posts\/38429\/revisions"}],"wp:attachment":[{"href":"http:\/\/fmdelpueblo.ar\/index.php?rest_route=%2Fwp%2Fv2%2Fmedia&parent=38429"}],"wp:term":[{"taxonomy":"category","embeddable":true,"href":"http:\/\/fmdelpueblo.ar\/index.php?rest_route=%2Fwp%2Fv2%2Fcategories&post=38429"},{"taxonomy":"post_tag","embeddable":true,"href":"http:\/\/fmdelpueblo.ar\/index.php?rest_route=%2Fwp%2Fv2%2Ftags&post=38429"}],"curies":[{"name":"wp","href":"https:\/\/api.w.org\/{rel}","templated":true}]}}