{"id":38426,"date":"2023-03-16T12:09:15","date_gmt":"2023-03-16T12:09:15","guid":{"rendered":"https:\/\/fmdelpueblo.ar\/?p=38426"},"modified":"2023-03-16T12:09:15","modified_gmt":"2023-03-16T12:09:15","slug":"con-14-policias-de-la-ciudad-acusados-comienza-el-juicio-por-el-crimen-de-lucas-gonzalez","status":"publish","type":"post","link":"http:\/\/fmdelpueblo.ar\/?p=38426","title":{"rendered":"Con 14 polic\u00edas de la ciudad acusados, comienza el juicio por el crimen de Lucas Gonz\u00e1lez"},"content":{"rendered":"<\/p>\n<p>La Sala Amia de los tribunales de Retiro ser\u00e1 escenario de las audiencias de uno de los casos m\u00e1s graves de violencia policial. C\u00f3mo se estructurar\u00e1 el proceso que durar\u00e1, por lo menos, hasta mitad de a\u00f1o. <a href=\"https:\/\/www.perfil.com\/noticias\/policia\/con-14-policias-de-la-ciudad-acusados-arranca-el-juicio-por-el-crimen-de-lucas-gonzalez.phtml\">Leer m\u00e1s<\/a><\/p>\n","protected":false},"excerpt":{"rendered":"<p>La Sala Amia de los tribunales de Retiro ser\u00e1 escenario de las audiencias de uno de los casos m\u00e1s graves de violencia policial. C\u00f3mo se estructurar\u00e1 el proceso que durar\u00e1, por lo menos, hasta mitad de a\u00f1o. Leer m\u00e1s<\/p>\n","protected":false},"author":0,"featured_media":0,"comment_status":"","ping_status":"","sticky":false,"template":"","format":"standard","meta":{"footnotes":""},"categories":[1],"tags":[],"class_list":["post-38426","post","type-post","status-publish","format-standard","hentry","category-sin-categoria"],"_links":{"self":[{"href":"http:\/\/fmdelpueblo.ar\/index.php?rest_route=\/wp\/v2\/posts\/38426","targetHints":{"allow":["GET"]}}],"collection":[{"href":"http:\/\/fmdelpueblo.ar\/index.php?rest_route=\/wp\/v2\/posts"}],"about":[{"href":"http:\/\/fmdelpueblo.ar\/index.php?rest_route=\/wp\/v2\/types\/post"}],"replies":[{"embeddable":true,"href":"http:\/\/fmdelpueblo.ar\/index.php?rest_route=%2Fwp%2Fv2%2Fcomments&post=38426"}],"version-history":[{"count":0,"href":"http:\/\/fmdelpueblo.ar\/index.php?rest_route=\/wp\/v2\/posts\/38426\/revisions"}],"wp:attachment":[{"href":"http:\/\/fmdelpueblo.ar\/index.php?rest_route=%2Fwp%2Fv2%2Fmedia&parent=38426"}],"wp:term":[{"taxonomy":"category","embeddable":true,"href":"http:\/\/fmdelpueblo.ar\/index.php?rest_route=%2Fwp%2Fv2%2Fcategories&post=38426"},{"taxonomy":"post_tag","embeddable":true,"href":"http:\/\/fmdelpueblo.ar\/index.php?rest_route=%2Fwp%2Fv2%2Ftags&post=38426"}],"curies":[{"name":"wp","href":"https:\/\/api.w.org\/{rel}","templated":true}]}}