{"id":38424,"date":"2023-03-16T12:09:14","date_gmt":"2023-03-16T12:09:14","guid":{"rendered":"https:\/\/fmdelpueblo.ar\/?p=38424"},"modified":"2023-03-16T12:09:14","modified_gmt":"2023-03-16T12:09:14","slug":"victoria-tolosa-paz-belliboni-monta-un-show-y-miente-descaradamente","status":"publish","type":"post","link":"http:\/\/fmdelpueblo.ar\/?p=38424","title":{"rendered":"Victoria Tolosa Paz: \u201cBelliboni monta un show y miente descaradamente\u00bb"},"content":{"rendered":"<\/p>\n<p>La ministra de Desarrollo social fue dur\u00edsima con el dirigente de Unidad Piquetera. \u201cPodr\u00e1 lograr un show televisivo, pero tiene una pr\u00e1ctica de extorsi\u00f3n de los sectores populares\u201d, expres\u00f3 en Modo Fontevecchia. <a href=\"https:\/\/www.perfil.com\/noticias\/modo-fontevecchia\/victoria-tolosa-paz-belliboni-monta-un-show-y-miente-descaradamente.phtml\">Leer m\u00e1s<\/a><\/p>\n","protected":false},"excerpt":{"rendered":"<p>La ministra de Desarrollo social fue dur\u00edsima con el dirigente de Unidad Piquetera. \u201cPodr\u00e1 lograr un show televisivo, pero tiene una pr\u00e1ctica de extorsi\u00f3n de los sectores populares\u201d, expres\u00f3 en Modo Fontevecchia. Leer m\u00e1s<\/p>\n","protected":false},"author":0,"featured_media":0,"comment_status":"","ping_status":"","sticky":false,"template":"","format":"standard","meta":{"footnotes":""},"categories":[1],"tags":[],"class_list":["post-38424","post","type-post","status-publish","format-standard","hentry","category-sin-categoria"],"_links":{"self":[{"href":"http:\/\/fmdelpueblo.ar\/index.php?rest_route=\/wp\/v2\/posts\/38424","targetHints":{"allow":["GET"]}}],"collection":[{"href":"http:\/\/fmdelpueblo.ar\/index.php?rest_route=\/wp\/v2\/posts"}],"about":[{"href":"http:\/\/fmdelpueblo.ar\/index.php?rest_route=\/wp\/v2\/types\/post"}],"replies":[{"embeddable":true,"href":"http:\/\/fmdelpueblo.ar\/index.php?rest_route=%2Fwp%2Fv2%2Fcomments&post=38424"}],"version-history":[{"count":0,"href":"http:\/\/fmdelpueblo.ar\/index.php?rest_route=\/wp\/v2\/posts\/38424\/revisions"}],"wp:attachment":[{"href":"http:\/\/fmdelpueblo.ar\/index.php?rest_route=%2Fwp%2Fv2%2Fmedia&parent=38424"}],"wp:term":[{"taxonomy":"category","embeddable":true,"href":"http:\/\/fmdelpueblo.ar\/index.php?rest_route=%2Fwp%2Fv2%2Fcategories&post=38424"},{"taxonomy":"post_tag","embeddable":true,"href":"http:\/\/fmdelpueblo.ar\/index.php?rest_route=%2Fwp%2Fv2%2Ftags&post=38424"}],"curies":[{"name":"wp","href":"https:\/\/api.w.org\/{rel}","templated":true}]}}