{"id":38422,"date":"2023-03-16T11:08:57","date_gmt":"2023-03-16T11:08:57","guid":{"rendered":"https:\/\/fmdelpueblo.ar\/?p=38422"},"modified":"2023-03-16T11:08:57","modified_gmt":"2023-03-16T11:08:57","slug":"exodo-de-empresas-que-cifra-de-seis-digitos-en-euros-evito-perder-edding-con-la-venta","status":"publish","type":"post","link":"http:\/\/fmdelpueblo.ar\/?p=38422","title":{"rendered":"\u00c9xodo de empresas: qu\u00e9 cifra de seis d\u00edgitos en euros evit\u00f3 perder Edding con la venta"},"content":{"rendered":"<\/p>\n<p>La importadora de los termos Stanley se expande. Cu\u00e1nto se estima invertir\u00e1 para cubrir pasivos tras comprar la compa\u00f1\u00eda de marcadores por un valor simb\u00f3lico. Qu\u00e9 p\u00e9rdida evit\u00f3 la alemana. <a href=\"https:\/\/www.perfil.com\/noticias\/modo-fontevecchia\/exodo-de-empresas-que-cifra-de-6-digitos-en-euros-evito-perder-edding-con-la-venta.phtml\">Leer m\u00e1s<\/a><\/p>\n","protected":false},"excerpt":{"rendered":"<p>La importadora de los termos Stanley se expande. Cu\u00e1nto se estima invertir\u00e1 para cubrir pasivos tras comprar la compa\u00f1\u00eda de marcadores por un valor simb\u00f3lico. Qu\u00e9 p\u00e9rdida evit\u00f3 la alemana. Leer m\u00e1s<\/p>\n","protected":false},"author":0,"featured_media":0,"comment_status":"","ping_status":"","sticky":false,"template":"","format":"standard","meta":{"footnotes":""},"categories":[1],"tags":[],"class_list":["post-38422","post","type-post","status-publish","format-standard","hentry","category-sin-categoria"],"_links":{"self":[{"href":"http:\/\/fmdelpueblo.ar\/index.php?rest_route=\/wp\/v2\/posts\/38422","targetHints":{"allow":["GET"]}}],"collection":[{"href":"http:\/\/fmdelpueblo.ar\/index.php?rest_route=\/wp\/v2\/posts"}],"about":[{"href":"http:\/\/fmdelpueblo.ar\/index.php?rest_route=\/wp\/v2\/types\/post"}],"replies":[{"embeddable":true,"href":"http:\/\/fmdelpueblo.ar\/index.php?rest_route=%2Fwp%2Fv2%2Fcomments&post=38422"}],"version-history":[{"count":0,"href":"http:\/\/fmdelpueblo.ar\/index.php?rest_route=\/wp\/v2\/posts\/38422\/revisions"}],"wp:attachment":[{"href":"http:\/\/fmdelpueblo.ar\/index.php?rest_route=%2Fwp%2Fv2%2Fmedia&parent=38422"}],"wp:term":[{"taxonomy":"category","embeddable":true,"href":"http:\/\/fmdelpueblo.ar\/index.php?rest_route=%2Fwp%2Fv2%2Fcategories&post=38422"},{"taxonomy":"post_tag","embeddable":true,"href":"http:\/\/fmdelpueblo.ar\/index.php?rest_route=%2Fwp%2Fv2%2Ftags&post=38422"}],"curies":[{"name":"wp","href":"https:\/\/api.w.org\/{rel}","templated":true}]}}