{"id":38421,"date":"2023-03-16T11:08:56","date_gmt":"2023-03-16T11:08:56","guid":{"rendered":"https:\/\/fmdelpueblo.ar\/?p=38421"},"modified":"2023-03-16T11:08:56","modified_gmt":"2023-03-16T11:08:56","slug":"rosalia-llego-a-la-argentina-y-fue-recibida-en-ezeiza","status":"publish","type":"post","link":"http:\/\/fmdelpueblo.ar\/?p=38421","title":{"rendered":"Rosal\u00eda lleg\u00f3 a la Argentina y fue recibida en Ezeiza"},"content":{"rendered":"<\/p>\n<p>La cantante espa\u00f1ola vino al pa\u00eds dos d\u00edas antes de su presentaci\u00f3n en el Lollapalooza, que ser\u00e1 el pr\u00f3ximo viernes 17. <a href=\"https:\/\/www.perfil.com\/noticias\/modo-fontevecchia\/llego-la-rosalia-y-la-recibimos-en-ezeiza-en-exclusiva-modof.phtml\">Leer m\u00e1s<\/a><\/p>\n","protected":false},"excerpt":{"rendered":"<p>La cantante espa\u00f1ola vino al pa\u00eds dos d\u00edas antes de su presentaci\u00f3n en el Lollapalooza, que ser\u00e1 el pr\u00f3ximo viernes 17. Leer m\u00e1s<\/p>\n","protected":false},"author":0,"featured_media":0,"comment_status":"","ping_status":"","sticky":false,"template":"","format":"standard","meta":{"footnotes":""},"categories":[1],"tags":[],"class_list":["post-38421","post","type-post","status-publish","format-standard","hentry","category-sin-categoria"],"_links":{"self":[{"href":"http:\/\/fmdelpueblo.ar\/index.php?rest_route=\/wp\/v2\/posts\/38421","targetHints":{"allow":["GET"]}}],"collection":[{"href":"http:\/\/fmdelpueblo.ar\/index.php?rest_route=\/wp\/v2\/posts"}],"about":[{"href":"http:\/\/fmdelpueblo.ar\/index.php?rest_route=\/wp\/v2\/types\/post"}],"replies":[{"embeddable":true,"href":"http:\/\/fmdelpueblo.ar\/index.php?rest_route=%2Fwp%2Fv2%2Fcomments&post=38421"}],"version-history":[{"count":0,"href":"http:\/\/fmdelpueblo.ar\/index.php?rest_route=\/wp\/v2\/posts\/38421\/revisions"}],"wp:attachment":[{"href":"http:\/\/fmdelpueblo.ar\/index.php?rest_route=%2Fwp%2Fv2%2Fmedia&parent=38421"}],"wp:term":[{"taxonomy":"category","embeddable":true,"href":"http:\/\/fmdelpueblo.ar\/index.php?rest_route=%2Fwp%2Fv2%2Fcategories&post=38421"},{"taxonomy":"post_tag","embeddable":true,"href":"http:\/\/fmdelpueblo.ar\/index.php?rest_route=%2Fwp%2Fv2%2Ftags&post=38421"}],"curies":[{"name":"wp","href":"https:\/\/api.w.org\/{rel}","templated":true}]}}