{"id":38420,"date":"2023-03-16T11:08:56","date_gmt":"2023-03-16T11:08:56","guid":{"rendered":"https:\/\/fmdelpueblo.ar\/?p=38420"},"modified":"2023-03-16T11:08:56","modified_gmt":"2023-03-16T11:08:56","slug":"sebastian-dominguez-sobre-el-impuesto-al-e-commerce-de-usados-este-regimen-implica-adelantar-la-obligacion-tributaria","status":"publish","type":"post","link":"http:\/\/fmdelpueblo.ar\/?p=38420","title":{"rendered":"Sebasti\u00e1n Dom\u00ednguez, sobre el impuesto al e-commerce de usados: \u00abEste r\u00e9gimen implica adelantar la obligaci\u00f3n tributaria\u00bb"},"content":{"rendered":"<\/p>\n<p>As\u00ed lo advirti\u00f3 el tributarista, quien adem\u00e1s se\u00f1al\u00f3 que \u00ablos par\u00e1metros base que se toman para aplicar la retenci\u00f3n no se actualizan autom\u00e1ticamente por el IPC\u00bb. <a href=\"https:\/\/www.perfil.com\/noticias\/modo-fontevecchia\/impuesto-al-e-commerce-de-usados-este-regimen-implica-adelantar-la-obligacion-tributaria-modof.phtml\">Leer m\u00e1s<\/a><\/p>\n","protected":false},"excerpt":{"rendered":"<p>As\u00ed lo advirti\u00f3 el tributarista, quien adem\u00e1s se\u00f1al\u00f3 que \u00ablos par\u00e1metros base que se toman para aplicar la retenci\u00f3n no se actualizan autom\u00e1ticamente por el IPC\u00bb. Leer m\u00e1s<\/p>\n","protected":false},"author":0,"featured_media":0,"comment_status":"","ping_status":"","sticky":false,"template":"","format":"standard","meta":{"footnotes":""},"categories":[1],"tags":[],"class_list":["post-38420","post","type-post","status-publish","format-standard","hentry","category-sin-categoria"],"_links":{"self":[{"href":"http:\/\/fmdelpueblo.ar\/index.php?rest_route=\/wp\/v2\/posts\/38420","targetHints":{"allow":["GET"]}}],"collection":[{"href":"http:\/\/fmdelpueblo.ar\/index.php?rest_route=\/wp\/v2\/posts"}],"about":[{"href":"http:\/\/fmdelpueblo.ar\/index.php?rest_route=\/wp\/v2\/types\/post"}],"replies":[{"embeddable":true,"href":"http:\/\/fmdelpueblo.ar\/index.php?rest_route=%2Fwp%2Fv2%2Fcomments&post=38420"}],"version-history":[{"count":0,"href":"http:\/\/fmdelpueblo.ar\/index.php?rest_route=\/wp\/v2\/posts\/38420\/revisions"}],"wp:attachment":[{"href":"http:\/\/fmdelpueblo.ar\/index.php?rest_route=%2Fwp%2Fv2%2Fmedia&parent=38420"}],"wp:term":[{"taxonomy":"category","embeddable":true,"href":"http:\/\/fmdelpueblo.ar\/index.php?rest_route=%2Fwp%2Fv2%2Fcategories&post=38420"},{"taxonomy":"post_tag","embeddable":true,"href":"http:\/\/fmdelpueblo.ar\/index.php?rest_route=%2Fwp%2Fv2%2Ftags&post=38420"}],"curies":[{"name":"wp","href":"https:\/\/api.w.org\/{rel}","templated":true}]}}