{"id":38419,"date":"2023-03-16T11:08:55","date_gmt":"2023-03-16T11:08:55","guid":{"rendered":"https:\/\/fmdelpueblo.ar\/?p=38419"},"modified":"2023-03-16T11:08:55","modified_gmt":"2023-03-16T11:08:55","slug":"el-renunciamiento-de-mauricio-macri-y-las-traiciones-de-los-delfines","status":"publish","type":"post","link":"http:\/\/fmdelpueblo.ar\/?p=38419","title":{"rendered":"El renunciamiento de Mauricio Macri y las traiciones de los delfines"},"content":{"rendered":"<\/p>\n<p>Quiz\u00e1s haya que esperar hasta mayo para que el expresidente formalice su dimisi\u00f3n anunciada. Se complica la situaci\u00f3n de los herederos, de Rodr\u00edguez Larreta a Alberto Fern\u00e1ndez. <a href=\"https:\/\/www.perfil.com\/noticias\/columnistas\/el-renunciamiento-de-mauricio-macri-y-las-traiciones-de-los-delfines.phtml\">Leer m\u00e1s<\/a><\/p>\n","protected":false},"excerpt":{"rendered":"<p>Quiz\u00e1s haya que esperar hasta mayo para que el expresidente formalice su dimisi\u00f3n anunciada. Se complica la situaci\u00f3n de los herederos, de Rodr\u00edguez Larreta a Alberto Fern\u00e1ndez. Leer m\u00e1s<\/p>\n","protected":false},"author":0,"featured_media":0,"comment_status":"","ping_status":"","sticky":false,"template":"","format":"standard","meta":{"footnotes":""},"categories":[1],"tags":[],"class_list":["post-38419","post","type-post","status-publish","format-standard","hentry","category-sin-categoria"],"_links":{"self":[{"href":"http:\/\/fmdelpueblo.ar\/index.php?rest_route=\/wp\/v2\/posts\/38419","targetHints":{"allow":["GET"]}}],"collection":[{"href":"http:\/\/fmdelpueblo.ar\/index.php?rest_route=\/wp\/v2\/posts"}],"about":[{"href":"http:\/\/fmdelpueblo.ar\/index.php?rest_route=\/wp\/v2\/types\/post"}],"replies":[{"embeddable":true,"href":"http:\/\/fmdelpueblo.ar\/index.php?rest_route=%2Fwp%2Fv2%2Fcomments&post=38419"}],"version-history":[{"count":0,"href":"http:\/\/fmdelpueblo.ar\/index.php?rest_route=\/wp\/v2\/posts\/38419\/revisions"}],"wp:attachment":[{"href":"http:\/\/fmdelpueblo.ar\/index.php?rest_route=%2Fwp%2Fv2%2Fmedia&parent=38419"}],"wp:term":[{"taxonomy":"category","embeddable":true,"href":"http:\/\/fmdelpueblo.ar\/index.php?rest_route=%2Fwp%2Fv2%2Fcategories&post=38419"},{"taxonomy":"post_tag","embeddable":true,"href":"http:\/\/fmdelpueblo.ar\/index.php?rest_route=%2Fwp%2Fv2%2Ftags&post=38419"}],"curies":[{"name":"wp","href":"https:\/\/api.w.org\/{rel}","templated":true}]}}