{"id":38418,"date":"2023-03-16T11:08:55","date_gmt":"2023-03-16T11:08:55","guid":{"rendered":"https:\/\/fmdelpueblo.ar\/?p=38418"},"modified":"2023-03-16T11:08:55","modified_gmt":"2023-03-16T11:08:55","slug":"sergio-garcia-un-musico-argentino-demando-a-los-rolling-stones-por-plagio","status":"publish","type":"post","link":"http:\/\/fmdelpueblo.ar\/?p=38418","title":{"rendered":"Sergio Garc\u00eda, un m\u00fasico argentino, demand\u00f3 a los Rolling Stones por plagio"},"content":{"rendered":"<\/p>\n<p>El int\u00e9rprete argentino acus\u00f3 a Mick Jagger y Keith Richards por violaci\u00f3n a los derechos de autor en una canci\u00f3n que lanzaron el 2020. <a href=\"https:\/\/www.perfil.com\/noticias\/modo-fontevecchia\/sergio-garcia-un-musico-argentino-demando-a-los-rolling-stones-por-plagio-modof.phtml\">Leer m\u00e1s<\/a><\/p>\n","protected":false},"excerpt":{"rendered":"<p>El int\u00e9rprete argentino acus\u00f3 a Mick Jagger y Keith Richards por violaci\u00f3n a los derechos de autor en una canci\u00f3n que lanzaron el 2020. Leer m\u00e1s<\/p>\n","protected":false},"author":0,"featured_media":0,"comment_status":"","ping_status":"","sticky":false,"template":"","format":"standard","meta":{"footnotes":""},"categories":[1],"tags":[],"class_list":["post-38418","post","type-post","status-publish","format-standard","hentry","category-sin-categoria"],"_links":{"self":[{"href":"http:\/\/fmdelpueblo.ar\/index.php?rest_route=\/wp\/v2\/posts\/38418","targetHints":{"allow":["GET"]}}],"collection":[{"href":"http:\/\/fmdelpueblo.ar\/index.php?rest_route=\/wp\/v2\/posts"}],"about":[{"href":"http:\/\/fmdelpueblo.ar\/index.php?rest_route=\/wp\/v2\/types\/post"}],"replies":[{"embeddable":true,"href":"http:\/\/fmdelpueblo.ar\/index.php?rest_route=%2Fwp%2Fv2%2Fcomments&post=38418"}],"version-history":[{"count":0,"href":"http:\/\/fmdelpueblo.ar\/index.php?rest_route=\/wp\/v2\/posts\/38418\/revisions"}],"wp:attachment":[{"href":"http:\/\/fmdelpueblo.ar\/index.php?rest_route=%2Fwp%2Fv2%2Fmedia&parent=38418"}],"wp:term":[{"taxonomy":"category","embeddable":true,"href":"http:\/\/fmdelpueblo.ar\/index.php?rest_route=%2Fwp%2Fv2%2Fcategories&post=38418"},{"taxonomy":"post_tag","embeddable":true,"href":"http:\/\/fmdelpueblo.ar\/index.php?rest_route=%2Fwp%2Fv2%2Ftags&post=38418"}],"curies":[{"name":"wp","href":"https:\/\/api.w.org\/{rel}","templated":true}]}}