{"id":38415,"date":"2023-03-16T10:09:09","date_gmt":"2023-03-16T10:09:09","guid":{"rendered":"http:\/\/fmdelpueblo.ar\/?p=38415"},"modified":"2023-03-16T10:09:09","modified_gmt":"2023-03-16T10:09:09","slug":"lollapalooza-2023-san-isidro-prepara-el-operativo-de-seguridad","status":"publish","type":"post","link":"http:\/\/fmdelpueblo.ar\/?p=38415","title":{"rendered":"Lollapalooza 2023: San Isidro prepara el operativo de seguridad"},"content":{"rendered":"<\/p>\n<p>El festival se llevar\u00e1 a cabo los d\u00edas 17, 18 y 19 de marzo en el Hip\u00f3dromo de San Isidro. Se esperan 300 mil personas, por lo que habr\u00e1 un despliegue especial en la zona. <a href=\"https:\/\/www.perfil.com\/noticias\/modo-fontevecchia\/lollapalooza-2023-san-isidro-prepara-el-operativo-de-seguridad-modof.phtml\">Leer m\u00e1s<\/a><\/p>\n","protected":false},"excerpt":{"rendered":"<p>El festival se llevar\u00e1 a cabo los d\u00edas 17, 18 y 19 de marzo en el Hip\u00f3dromo de San Isidro. Se esperan 300 mil personas, por lo que habr\u00e1 un despliegue especial en la zona. Leer m\u00e1s<\/p>\n","protected":false},"author":0,"featured_media":0,"comment_status":"","ping_status":"","sticky":false,"template":"","format":"standard","meta":{"footnotes":""},"categories":[1],"tags":[],"class_list":["post-38415","post","type-post","status-publish","format-standard","hentry","category-sin-categoria"],"_links":{"self":[{"href":"http:\/\/fmdelpueblo.ar\/index.php?rest_route=\/wp\/v2\/posts\/38415","targetHints":{"allow":["GET"]}}],"collection":[{"href":"http:\/\/fmdelpueblo.ar\/index.php?rest_route=\/wp\/v2\/posts"}],"about":[{"href":"http:\/\/fmdelpueblo.ar\/index.php?rest_route=\/wp\/v2\/types\/post"}],"replies":[{"embeddable":true,"href":"http:\/\/fmdelpueblo.ar\/index.php?rest_route=%2Fwp%2Fv2%2Fcomments&post=38415"}],"version-history":[{"count":0,"href":"http:\/\/fmdelpueblo.ar\/index.php?rest_route=\/wp\/v2\/posts\/38415\/revisions"}],"wp:attachment":[{"href":"http:\/\/fmdelpueblo.ar\/index.php?rest_route=%2Fwp%2Fv2%2Fmedia&parent=38415"}],"wp:term":[{"taxonomy":"category","embeddable":true,"href":"http:\/\/fmdelpueblo.ar\/index.php?rest_route=%2Fwp%2Fv2%2Fcategories&post=38415"},{"taxonomy":"post_tag","embeddable":true,"href":"http:\/\/fmdelpueblo.ar\/index.php?rest_route=%2Fwp%2Fv2%2Ftags&post=38415"}],"curies":[{"name":"wp","href":"https:\/\/api.w.org\/{rel}","templated":true}]}}