{"id":38413,"date":"2023-03-16T09:09:56","date_gmt":"2023-03-16T09:09:56","guid":{"rendered":"https:\/\/fmdelpueblo.ar\/?p=38413"},"modified":"2023-03-16T09:09:56","modified_gmt":"2023-03-16T09:09:56","slug":"marcelo-sain-declaro-contra-el-policia-que-se-hizo-pasar-por-periodista-estaba-infiltrado-para-hacer-inteligencia","status":"publish","type":"post","link":"http:\/\/fmdelpueblo.ar\/?p=38413","title":{"rendered":"Marcelo Sa\u00edn declar\u00f3 contra el polic\u00eda que se hizo pasar por periodista: \u00abEstaba infiltrado para hacer inteligencia\u00bb"},"content":{"rendered":"<\/p>\n<p>El experto en seguridad y conocedor de los servicios de inteligencia describi\u00f3 el funcionamiento del Cuerpo de la PFA al que pertenec\u00edan los tres acusados. La defensa anticip\u00f3 que hoy declarar\u00e1 Am\u00e9rico Balbuena. <a href=\"https:\/\/www.perfil.com\/noticias\/politica\/marcelo-sain-declaro-contra-el-policia-que-se-hizo-pasar-por-periodista-estaba-infiltrado-para-hacer-inteligencia.phtml\">Leer m\u00e1s<\/a><\/p>\n","protected":false},"excerpt":{"rendered":"<p>El experto en seguridad y conocedor de los servicios de inteligencia describi\u00f3 el funcionamiento del Cuerpo de la PFA al que pertenec\u00edan los tres acusados. La defensa anticip\u00f3 que hoy declarar\u00e1 Am\u00e9rico Balbuena. Leer m\u00e1s<\/p>\n","protected":false},"author":0,"featured_media":0,"comment_status":"","ping_status":"","sticky":false,"template":"","format":"standard","meta":{"footnotes":""},"categories":[1],"tags":[],"class_list":["post-38413","post","type-post","status-publish","format-standard","hentry","category-sin-categoria"],"_links":{"self":[{"href":"http:\/\/fmdelpueblo.ar\/index.php?rest_route=\/wp\/v2\/posts\/38413","targetHints":{"allow":["GET"]}}],"collection":[{"href":"http:\/\/fmdelpueblo.ar\/index.php?rest_route=\/wp\/v2\/posts"}],"about":[{"href":"http:\/\/fmdelpueblo.ar\/index.php?rest_route=\/wp\/v2\/types\/post"}],"replies":[{"embeddable":true,"href":"http:\/\/fmdelpueblo.ar\/index.php?rest_route=%2Fwp%2Fv2%2Fcomments&post=38413"}],"version-history":[{"count":0,"href":"http:\/\/fmdelpueblo.ar\/index.php?rest_route=\/wp\/v2\/posts\/38413\/revisions"}],"wp:attachment":[{"href":"http:\/\/fmdelpueblo.ar\/index.php?rest_route=%2Fwp%2Fv2%2Fmedia&parent=38413"}],"wp:term":[{"taxonomy":"category","embeddable":true,"href":"http:\/\/fmdelpueblo.ar\/index.php?rest_route=%2Fwp%2Fv2%2Fcategories&post=38413"},{"taxonomy":"post_tag","embeddable":true,"href":"http:\/\/fmdelpueblo.ar\/index.php?rest_route=%2Fwp%2Fv2%2Ftags&post=38413"}],"curies":[{"name":"wp","href":"https:\/\/api.w.org\/{rel}","templated":true}]}}