{"id":38409,"date":"2023-03-16T07:09:13","date_gmt":"2023-03-16T07:09:13","guid":{"rendered":"http:\/\/fmdelpueblo.ar\/?p=38409"},"modified":"2023-03-16T07:09:13","modified_gmt":"2023-03-16T07:09:13","slug":"la-importancia-del-gas-y-la-energia-hidraulica-rumbo-a-una-matriz-sustentable","status":"publish","type":"post","link":"http:\/\/fmdelpueblo.ar\/?p=38409","title":{"rendered":"La importancia del gas y la energ\u00eda hidr\u00e1ulica rumbo a una matriz sustentable"},"content":{"rendered":"<\/p>\n<p>En un escenario de necesidad mundial, regional y local, de neutralidad de carbono y de transici\u00f3n energ\u00e9tica, el gas natural es estrat\u00e9gico para atender la creciente demanda. <a href=\"https:\/\/www.perfil.com\/noticias\/opinion\/la-importancia-del-gas-y-la-energia-hidraulica-rumbo-a-una-matriz-sustentable.phtml\">Leer m\u00e1s<\/a><\/p>\n","protected":false},"excerpt":{"rendered":"<p>En un escenario de necesidad mundial, regional y local, de neutralidad de carbono y de transici\u00f3n energ\u00e9tica, el gas natural es estrat\u00e9gico para atender la creciente demanda. Leer m\u00e1s<\/p>\n","protected":false},"author":0,"featured_media":0,"comment_status":"","ping_status":"","sticky":false,"template":"","format":"standard","meta":{"footnotes":""},"categories":[1],"tags":[],"class_list":["post-38409","post","type-post","status-publish","format-standard","hentry","category-sin-categoria"],"_links":{"self":[{"href":"http:\/\/fmdelpueblo.ar\/index.php?rest_route=\/wp\/v2\/posts\/38409","targetHints":{"allow":["GET"]}}],"collection":[{"href":"http:\/\/fmdelpueblo.ar\/index.php?rest_route=\/wp\/v2\/posts"}],"about":[{"href":"http:\/\/fmdelpueblo.ar\/index.php?rest_route=\/wp\/v2\/types\/post"}],"replies":[{"embeddable":true,"href":"http:\/\/fmdelpueblo.ar\/index.php?rest_route=%2Fwp%2Fv2%2Fcomments&post=38409"}],"version-history":[{"count":0,"href":"http:\/\/fmdelpueblo.ar\/index.php?rest_route=\/wp\/v2\/posts\/38409\/revisions"}],"wp:attachment":[{"href":"http:\/\/fmdelpueblo.ar\/index.php?rest_route=%2Fwp%2Fv2%2Fmedia&parent=38409"}],"wp:term":[{"taxonomy":"category","embeddable":true,"href":"http:\/\/fmdelpueblo.ar\/index.php?rest_route=%2Fwp%2Fv2%2Fcategories&post=38409"},{"taxonomy":"post_tag","embeddable":true,"href":"http:\/\/fmdelpueblo.ar\/index.php?rest_route=%2Fwp%2Fv2%2Ftags&post=38409"}],"curies":[{"name":"wp","href":"https:\/\/api.w.org\/{rel}","templated":true}]}}