{"id":38407,"date":"2023-03-16T06:09:12","date_gmt":"2023-03-16T06:09:12","guid":{"rendered":"https:\/\/fmdelpueblo.ar\/?p=38407"},"modified":"2023-03-16T06:09:12","modified_gmt":"2023-03-16T06:09:12","slug":"yo-tambien-quiero-ser-influencer-tomas-oviedo-cuenta-por-que-los-jovenes-quieren-vivir-de-las-redes-sociales","status":"publish","type":"post","link":"http:\/\/fmdelpueblo.ar\/?p=38407","title":{"rendered":"\u00abYo tambi\u00e9n quiero ser influencer\u00bb: Tom\u00e1s Oviedo cuenta por qu\u00e9 los j\u00f3venes quieren vivir de las redes sociales"},"content":{"rendered":"<\/p>\n<p>Form\u00f3 parte del famoso team youtuber de Yao Cabrera pero se abri\u00f3, se fue a M\u00e9xico, trabaj\u00f3 junto a L-Gante y con tan s\u00f3lo 22 a\u00f1os no s\u00f3lo vive como influencer sino que fund\u00f3 su empresa de Marketing Digital. <a href=\"https:\/\/www.perfil.com\/noticias\/protagonistas\/yo-tambien-quiero-ser-influencer-tomas-oviedo-cuenta-los-jovenes-quieren-vivir-redes-sociales.phtml\">Leer m\u00e1s<\/a><\/p>\n","protected":false},"excerpt":{"rendered":"<p>Form\u00f3 parte del famoso team youtuber de Yao Cabrera pero se abri\u00f3, se fue a M\u00e9xico, trabaj\u00f3 junto a L-Gante y con tan s\u00f3lo 22 a\u00f1os no s\u00f3lo vive como influencer sino que fund\u00f3 su empresa de Marketing Digital. Leer m\u00e1s<\/p>\n","protected":false},"author":0,"featured_media":0,"comment_status":"","ping_status":"","sticky":false,"template":"","format":"standard","meta":{"footnotes":""},"categories":[1],"tags":[],"class_list":["post-38407","post","type-post","status-publish","format-standard","hentry","category-sin-categoria"],"_links":{"self":[{"href":"http:\/\/fmdelpueblo.ar\/index.php?rest_route=\/wp\/v2\/posts\/38407","targetHints":{"allow":["GET"]}}],"collection":[{"href":"http:\/\/fmdelpueblo.ar\/index.php?rest_route=\/wp\/v2\/posts"}],"about":[{"href":"http:\/\/fmdelpueblo.ar\/index.php?rest_route=\/wp\/v2\/types\/post"}],"replies":[{"embeddable":true,"href":"http:\/\/fmdelpueblo.ar\/index.php?rest_route=%2Fwp%2Fv2%2Fcomments&post=38407"}],"version-history":[{"count":0,"href":"http:\/\/fmdelpueblo.ar\/index.php?rest_route=\/wp\/v2\/posts\/38407\/revisions"}],"wp:attachment":[{"href":"http:\/\/fmdelpueblo.ar\/index.php?rest_route=%2Fwp%2Fv2%2Fmedia&parent=38407"}],"wp:term":[{"taxonomy":"category","embeddable":true,"href":"http:\/\/fmdelpueblo.ar\/index.php?rest_route=%2Fwp%2Fv2%2Fcategories&post=38407"},{"taxonomy":"post_tag","embeddable":true,"href":"http:\/\/fmdelpueblo.ar\/index.php?rest_route=%2Fwp%2Fv2%2Ftags&post=38407"}],"curies":[{"name":"wp","href":"https:\/\/api.w.org\/{rel}","templated":true}]}}