{"id":38406,"date":"2023-03-16T06:09:12","date_gmt":"2023-03-16T06:09:12","guid":{"rendered":"https:\/\/fmdelpueblo.ar\/?p=38406"},"modified":"2023-03-16T06:09:12","modified_gmt":"2023-03-16T06:09:12","slug":"la-cafeina-podria-disminuir-la-grasa-corporal-y-el-riesgo-de-diabetes","status":"publish","type":"post","link":"http:\/\/fmdelpueblo.ar\/?p=38406","title":{"rendered":"La cafe\u00edna podr\u00eda disminuir la grasa corporal y el riesgo de diabetes"},"content":{"rendered":"<\/p>\n<p>Un estudio sostiene que los altos niveles de cafe\u00edna podr\u00edan reducir la grasa y el riesgo del diabetes tipo 2. <a href=\"https:\/\/www.perfil.com\/noticias\/salud\/cafeina-podria-disminuir-la-grasa-corporal-y-el-riesgo-de-diabetes.phtml\">Leer m\u00e1s<\/a><\/p>\n","protected":false},"excerpt":{"rendered":"<p>Un estudio sostiene que los altos niveles de cafe\u00edna podr\u00edan reducir la grasa y el riesgo del diabetes tipo 2. Leer m\u00e1s<\/p>\n","protected":false},"author":0,"featured_media":0,"comment_status":"","ping_status":"","sticky":false,"template":"","format":"standard","meta":{"footnotes":""},"categories":[1],"tags":[],"class_list":["post-38406","post","type-post","status-publish","format-standard","hentry","category-sin-categoria"],"_links":{"self":[{"href":"http:\/\/fmdelpueblo.ar\/index.php?rest_route=\/wp\/v2\/posts\/38406","targetHints":{"allow":["GET"]}}],"collection":[{"href":"http:\/\/fmdelpueblo.ar\/index.php?rest_route=\/wp\/v2\/posts"}],"about":[{"href":"http:\/\/fmdelpueblo.ar\/index.php?rest_route=\/wp\/v2\/types\/post"}],"replies":[{"embeddable":true,"href":"http:\/\/fmdelpueblo.ar\/index.php?rest_route=%2Fwp%2Fv2%2Fcomments&post=38406"}],"version-history":[{"count":0,"href":"http:\/\/fmdelpueblo.ar\/index.php?rest_route=\/wp\/v2\/posts\/38406\/revisions"}],"wp:attachment":[{"href":"http:\/\/fmdelpueblo.ar\/index.php?rest_route=%2Fwp%2Fv2%2Fmedia&parent=38406"}],"wp:term":[{"taxonomy":"category","embeddable":true,"href":"http:\/\/fmdelpueblo.ar\/index.php?rest_route=%2Fwp%2Fv2%2Fcategories&post=38406"},{"taxonomy":"post_tag","embeddable":true,"href":"http:\/\/fmdelpueblo.ar\/index.php?rest_route=%2Fwp%2Fv2%2Ftags&post=38406"}],"curies":[{"name":"wp","href":"https:\/\/api.w.org\/{rel}","templated":true}]}}