{"id":38404,"date":"2023-03-16T05:09:32","date_gmt":"2023-03-16T05:09:32","guid":{"rendered":"http:\/\/fmdelpueblo.ar\/?p=38404"},"modified":"2023-03-16T05:09:32","modified_gmt":"2023-03-16T05:09:32","slug":"kelly-olmos-el-ministerio-de-trabajo-hoy-existe-pero-hace-4-anos-no-existia","status":"publish","type":"post","link":"http:\/\/fmdelpueblo.ar\/?p=38404","title":{"rendered":"Kelly Olmos: \u00abEl Ministerio de Trabajo hoy existe, pero hace 4 a\u00f1os no exist\u00eda\u00bb"},"content":{"rendered":"<\/p>\n<p>La ministra de Trabajo, Empleo y Seguridad Social se refiri\u00f3 a la \u00abherencia\u00bb macrista en su primera visita a la CGT. Tambi\u00e9n abord\u00f3 la implementaci\u00f3n del teletrabajo en distintos rubros. <a href=\"https:\/\/www.perfil.com\/noticias\/politica\/kelly-olmos-el-ministerio-de-trabajo-hoy-existe-pero-hace-4-anos-no-existia.phtml\">Leer m\u00e1s<\/a><\/p>\n","protected":false},"excerpt":{"rendered":"<p>La ministra de Trabajo, Empleo y Seguridad Social se refiri\u00f3 a la \u00abherencia\u00bb macrista en su primera visita a la CGT. Tambi\u00e9n abord\u00f3 la implementaci\u00f3n del teletrabajo en distintos rubros. Leer m\u00e1s<\/p>\n","protected":false},"author":0,"featured_media":0,"comment_status":"","ping_status":"","sticky":false,"template":"","format":"standard","meta":{"footnotes":""},"categories":[1],"tags":[],"class_list":["post-38404","post","type-post","status-publish","format-standard","hentry","category-sin-categoria"],"_links":{"self":[{"href":"http:\/\/fmdelpueblo.ar\/index.php?rest_route=\/wp\/v2\/posts\/38404","targetHints":{"allow":["GET"]}}],"collection":[{"href":"http:\/\/fmdelpueblo.ar\/index.php?rest_route=\/wp\/v2\/posts"}],"about":[{"href":"http:\/\/fmdelpueblo.ar\/index.php?rest_route=\/wp\/v2\/types\/post"}],"replies":[{"embeddable":true,"href":"http:\/\/fmdelpueblo.ar\/index.php?rest_route=%2Fwp%2Fv2%2Fcomments&post=38404"}],"version-history":[{"count":0,"href":"http:\/\/fmdelpueblo.ar\/index.php?rest_route=\/wp\/v2\/posts\/38404\/revisions"}],"wp:attachment":[{"href":"http:\/\/fmdelpueblo.ar\/index.php?rest_route=%2Fwp%2Fv2%2Fmedia&parent=38404"}],"wp:term":[{"taxonomy":"category","embeddable":true,"href":"http:\/\/fmdelpueblo.ar\/index.php?rest_route=%2Fwp%2Fv2%2Fcategories&post=38404"},{"taxonomy":"post_tag","embeddable":true,"href":"http:\/\/fmdelpueblo.ar\/index.php?rest_route=%2Fwp%2Fv2%2Ftags&post=38404"}],"curies":[{"name":"wp","href":"https:\/\/api.w.org\/{rel}","templated":true}]}}