{"id":38400,"date":"2023-03-16T04:09:17","date_gmt":"2023-03-16T04:09:17","guid":{"rendered":"https:\/\/fmdelpueblo.ar\/?p=38400"},"modified":"2023-03-16T04:09:17","modified_gmt":"2023-03-16T04:09:17","slug":"impactante-muerte-de-500-cerdos-en-una-granja-por-un-corte-de-luz","status":"publish","type":"post","link":"http:\/\/fmdelpueblo.ar\/?p=38400","title":{"rendered":"Impactante muerte de 500 cerdos en una granja por un corte de luz"},"content":{"rendered":"<\/p>\n<p>Una tormenta el\u00e9ctrica interrumpi\u00f3 el suministro de energ\u00eda para el sistema de ventilaci\u00f3n de un criadero en General Alvear, provincia de Mendoza. <a href=\"https:\/\/www.perfil.com\/noticias\/economia\/impactante-muerte-de-500-cerdos-en-una-granja-por-un-corte-de-luz.phtml\">Leer m\u00e1s<\/a><\/p>\n","protected":false},"excerpt":{"rendered":"<p>Una tormenta el\u00e9ctrica interrumpi\u00f3 el suministro de energ\u00eda para el sistema de ventilaci\u00f3n de un criadero en General Alvear, provincia de Mendoza. Leer m\u00e1s<\/p>\n","protected":false},"author":0,"featured_media":0,"comment_status":"","ping_status":"","sticky":false,"template":"","format":"standard","meta":{"footnotes":""},"categories":[1],"tags":[],"class_list":["post-38400","post","type-post","status-publish","format-standard","hentry","category-sin-categoria"],"_links":{"self":[{"href":"http:\/\/fmdelpueblo.ar\/index.php?rest_route=\/wp\/v2\/posts\/38400","targetHints":{"allow":["GET"]}}],"collection":[{"href":"http:\/\/fmdelpueblo.ar\/index.php?rest_route=\/wp\/v2\/posts"}],"about":[{"href":"http:\/\/fmdelpueblo.ar\/index.php?rest_route=\/wp\/v2\/types\/post"}],"replies":[{"embeddable":true,"href":"http:\/\/fmdelpueblo.ar\/index.php?rest_route=%2Fwp%2Fv2%2Fcomments&post=38400"}],"version-history":[{"count":0,"href":"http:\/\/fmdelpueblo.ar\/index.php?rest_route=\/wp\/v2\/posts\/38400\/revisions"}],"wp:attachment":[{"href":"http:\/\/fmdelpueblo.ar\/index.php?rest_route=%2Fwp%2Fv2%2Fmedia&parent=38400"}],"wp:term":[{"taxonomy":"category","embeddable":true,"href":"http:\/\/fmdelpueblo.ar\/index.php?rest_route=%2Fwp%2Fv2%2Fcategories&post=38400"},{"taxonomy":"post_tag","embeddable":true,"href":"http:\/\/fmdelpueblo.ar\/index.php?rest_route=%2Fwp%2Fv2%2Ftags&post=38400"}],"curies":[{"name":"wp","href":"https:\/\/api.w.org\/{rel}","templated":true}]}}