{"id":38399,"date":"2023-03-16T04:09:16","date_gmt":"2023-03-16T04:09:16","guid":{"rendered":"https:\/\/fmdelpueblo.ar\/?p=38399"},"modified":"2023-03-16T04:09:16","modified_gmt":"2023-03-16T04:09:16","slug":"este-17-de-marzo-se-celebra-un-nuevo-aniversario-del-atentado-terrorista-a-la-embajada-de-israel-en-buenos-aires","status":"publish","type":"post","link":"http:\/\/fmdelpueblo.ar\/?p=38399","title":{"rendered":"Este 17 de marzo se celebra un nuevo aniversario del atentado terrorista a la embajada de Israel en Buenos Aires"},"content":{"rendered":"<\/p>\n<p>El 17 de marzo de 1992 un atentado terrorista cometido por la organizaci\u00f3n Hezbollah destruy\u00f3 la embajada de Israel en Buenos Aires. En el ataque murieron 29 personas y m\u00e1s de 200 resultaron heridas. <a href=\"https:\/\/www.perfil.com\/noticias\/actualidad\/este-17-de-marzo-se-celebra-un-nuevo-aniversario-del-atentado-terrorista-a-la-embajada-de-israel-en-buenos-aires.phtml\">Leer m\u00e1s<\/a><\/p>\n","protected":false},"excerpt":{"rendered":"<p>El 17 de marzo de 1992 un atentado terrorista cometido por la organizaci\u00f3n Hezbollah destruy\u00f3 la embajada de Israel en Buenos Aires. En el ataque murieron 29 personas y m\u00e1s de 200 resultaron heridas. Leer m\u00e1s<\/p>\n","protected":false},"author":0,"featured_media":0,"comment_status":"","ping_status":"","sticky":false,"template":"","format":"standard","meta":{"footnotes":""},"categories":[1],"tags":[],"class_list":["post-38399","post","type-post","status-publish","format-standard","hentry","category-sin-categoria"],"_links":{"self":[{"href":"http:\/\/fmdelpueblo.ar\/index.php?rest_route=\/wp\/v2\/posts\/38399","targetHints":{"allow":["GET"]}}],"collection":[{"href":"http:\/\/fmdelpueblo.ar\/index.php?rest_route=\/wp\/v2\/posts"}],"about":[{"href":"http:\/\/fmdelpueblo.ar\/index.php?rest_route=\/wp\/v2\/types\/post"}],"replies":[{"embeddable":true,"href":"http:\/\/fmdelpueblo.ar\/index.php?rest_route=%2Fwp%2Fv2%2Fcomments&post=38399"}],"version-history":[{"count":0,"href":"http:\/\/fmdelpueblo.ar\/index.php?rest_route=\/wp\/v2\/posts\/38399\/revisions"}],"wp:attachment":[{"href":"http:\/\/fmdelpueblo.ar\/index.php?rest_route=%2Fwp%2Fv2%2Fmedia&parent=38399"}],"wp:term":[{"taxonomy":"category","embeddable":true,"href":"http:\/\/fmdelpueblo.ar\/index.php?rest_route=%2Fwp%2Fv2%2Fcategories&post=38399"},{"taxonomy":"post_tag","embeddable":true,"href":"http:\/\/fmdelpueblo.ar\/index.php?rest_route=%2Fwp%2Fv2%2Ftags&post=38399"}],"curies":[{"name":"wp","href":"https:\/\/api.w.org\/{rel}","templated":true}]}}